{"id":568,"date":"2023-09-01T19:12:40","date_gmt":"2023-09-02T01:12:40","guid":{"rendered":"https:\/\/lapalabra.utec.edu.sv\/?p=568"},"modified":"2023-09-01T19:12:40","modified_gmt":"2023-09-02T01:12:40","slug":"una-manana-ludica-vivieron-estudiantes-de-la-utec","status":"publish","type":"post","link":"https:\/\/lapalabra.utec.edu.sv\/index.php\/una-manana-ludica-vivieron-estudiantes-de-la-utec\/","title":{"rendered":"Una ma\u00f1ana l\u00fadica vivieron estudiantes de la Utec"},"content":{"rendered":"\n<p class=\"has-text-color\" style=\"color:#5a1533\"><strong>Expresiones art\u00edsticas, din\u00e1micas, baile y m\u00e1s fue el ambiente que durante una ma\u00f1ana se vivi\u00f3 en el pasillo principal del edificio Sim\u00f3n Bol\u00edvar, en una actividad que fue organizada por el decanato de estudiantes.<\/strong><\/p>\n\n\n\n<p><em>Wilber Corpe\u00f1o<br>Fotos: Alexander Morales<br>La Palabra Universitaria<\/em><\/p>\n\n\n\n<p>Una ma\u00f1ana diferente vivieron los estudiantes de la Universidad Tecnol\u00f3gica de El Salvador (Utec), quienes al transitar por el pasillo principal del edificio Sim\u00f3n Bol\u00edvar se encontraron con un ambiente festivo y de entretenimiento en el que los principales animadores fueron algunos docentes.<\/p>\n\n\n\n<p>Una jornada l\u00fadica, en la que los j\u00f3venes disfrutaron, bailaron, se rieron, participaron de din\u00e1micas y compartieron entre compa\u00f1eros y profesores, fue precisamente la apuesta principal del decanato de estudiantes que, con ello, quiso dar una bienvenida diferente a los j\u00f3venes que reci\u00e9n han iniciado el ciclo acad\u00e9mico 02-2023.<\/p>\n\n\n\n<p>En la actividad participaron autoridades universitarias como el vicerrector acad\u00e9mico, Jos\u00e9 Modesto Ventura; y el decano de estudiantes, Carlos Loucel, quienes saludaron a la multitud de j\u00f3venes que hicieron una pausa en el camino para disfrutar del buen momento que impusieron el staff de animadores.<\/p>\n\n\n\n<p>\u201cEsta es una actividad que hemos preparado para compartir con ustedes, para que todos vivamos un momento agradable\u201d, ha dicho ante la multitud el vicerrector acad\u00e9mico.<\/p>\n\n\n\n<p>Las autoridades dijeron que m\u00e1s all\u00e1 de compartir momentos amenos y de entretenimiento con los estudiantes, esta jornada fue pensada para dar la bienvenida al ciclo 02-2023 a los estudiantes de la instituci\u00f3n.<\/p>\n\n\n\n<p>El objetivo es incluir en el proceso formativo proyectos que contribuyan con aspectos que van m\u00e1s all\u00e1 de lo acad\u00e9mico y darle as\u00ed la bienvenida oficial al ciclo 02-2023, ya que estas actividades son propicias para externar un saludo a los j\u00f3venes, dijeron las autoridades del decanato de estudiantes.<\/p>\n\n\n\n<figure class=\"wp-block-image size-full\"><img loading=\"lazy\" decoding=\"async\" width=\"600\" height=\"338\" src=\"https:\/\/lapalabra.utec.edu.sv\/wp-content\/uploads\/2023\/09\/bienvenida-estudiantes2.jpg\" alt=\"\" class=\"wp-image-578\" srcset=\"https:\/\/lapalabra.utec.edu.sv\/wp-content\/uploads\/2023\/09\/bienvenida-estudiantes2.jpg 600w, https:\/\/lapalabra.utec.edu.sv\/wp-content\/uploads\/2023\/09\/bienvenida-estudiantes2-300x169.jpg 300w\" sizes=\"auto, (max-width: 600px) 100vw, 600px\" \/><\/figure>\n","protected":false},"excerpt":{"rendered":"<p>Expresiones art\u00edsticas, din\u00e1micas, baile y m\u00e1s fue el ambiente que durante una ma\u00f1ana se vivi\u00f3 en el pasillo principal del edificio Sim\u00f3n Bol\u00edvar, en una actividad que fue organizada por el decanato de estudiantes. Wilber Corpe\u00f1oFotos: Alexander MoralesLa Palabra Universitaria Una ma\u00f1ana diferente vivieron los estudiantes de la Universidad Tecnol\u00f3gica de El Salvador (Utec), quienes&#8230;<\/p>\n","protected":false},"author":1,"featured_media":577,"comment_status":"open","ping_status":"open","sticky":false,"template":"","format":"standard","meta":{"footnotes":""},"categories":[93],"tags":[111,128],"class_list":["post-568","post","type-post","status-publish","format-standard","has-post-thumbnail","hentry","category-decanato-estudiantes","tag-decanato-de-estudiantes","tag-estudiantes"],"_links":{"self":[{"href":"https:\/\/lapalabra.utec.edu.sv\/index.php\/wp-json\/wp\/v2\/posts\/568","targetHints":{"allow":["GET"]}}],"collection":[{"href":"https:\/\/lapalabra.utec.edu.sv\/index.php\/wp-json\/wp\/v2\/posts"}],"about":[{"href":"https:\/\/lapalabra.utec.edu.sv\/index.php\/wp-json\/wp\/v2\/types\/post"}],"author":[{"embeddable":true,"href":"https:\/\/lapalabra.utec.edu.sv\/index.php\/wp-json\/wp\/v2\/users\/1"}],"replies":[{"embeddable":true,"href":"https:\/\/lapalabra.utec.edu.sv\/index.php\/wp-json\/wp\/v2\/comments?post=568"}],"version-history":[{"count":2,"href":"https:\/\/lapalabra.utec.edu.sv\/index.php\/wp-json\/wp\/v2\/posts\/568\/revisions"}],"predecessor-version":[{"id":579,"href":"https:\/\/lapalabra.utec.edu.sv\/index.php\/wp-json\/wp\/v2\/posts\/568\/revisions\/579"}],"wp:featuredmedia":[{"embeddable":true,"href":"https:\/\/lapalabra.utec.edu.sv\/index.php\/wp-json\/wp\/v2\/media\/577"}],"wp:attachment":[{"href":"https:\/\/lapalabra.utec.edu.sv\/index.php\/wp-json\/wp\/v2\/media?parent=568"}],"wp:term":[{"taxonomy":"category","embeddable":true,"href":"https:\/\/lapalabra.utec.edu.sv\/index.php\/wp-json\/wp\/v2\/categories?post=568"},{"taxonomy":"post_tag","embeddable":true,"href":"https:\/\/lapalabra.utec.edu.sv\/index.php\/wp-json\/wp\/v2\/tags?post=568"}],"curies":[{"name":"wp","href":"https:\/\/api.w.org\/{rel}","templated":true}]}}