{"id":536,"date":"2023-08-25T18:35:45","date_gmt":"2023-08-26T00:35:45","guid":{"rendered":"https:\/\/lapalabra.utec.edu.sv\/?p=536"},"modified":"2023-08-25T18:35:45","modified_gmt":"2023-08-26T00:35:45","slug":"el-increible-castillo-vagabundo-pelicula-mas-votada-para-disfrutar-en-cine-con-ciencia-utec","status":"publish","type":"post","link":"https:\/\/lapalabra.utec.edu.sv\/index.php\/el-increible-castillo-vagabundo-pelicula-mas-votada-para-disfrutar-en-cine-con-ciencia-utec\/","title":{"rendered":"El incre\u00edble castillo vagabundo pel\u00edcula m\u00e1s votada para disfrutar en Cine con Ciencia Utec"},"content":{"rendered":"\n<p class=\"has-text-color\" style=\"color:#5a1533\"><strong>Estudiantes y docentes abarrotaron el auditorio Adolfo Araujo para disfrutar del film que narra la historia de Sophie, una joven sobre la que pesa una horrible maldici\u00f3n que le confiere el aspecto de una anciana.<\/strong><\/p>\n\n\n\n<p><em>Wilber Corpe\u00f1o\/Melissa Campos<br>La Palabra Universitaria<\/em><\/p>\n\n\n\n<p>Para conmemorar el D\u00eda Internacional de la Juventud, el programa Cine con Ciencia que impulsa la vicerrector\u00eda de investigaci\u00f3n y proyecci\u00f3n social de la Universidad Tecnol\u00f3gica de El Salvador (Utec), proyect\u00f3 la pel\u00edcula El incre\u00edble castillo vagabundo, una producci\u00f3n que muy bien combina la acci\u00f3n, aventura, animaci\u00f3n y comedia.<\/p>\n\n\n\n<p>La proyecci\u00f3n de dicho material cinematogr\u00e1fico tuvo lugar en el auditorio, doctor Jos\u00e9 Adolfo Araujo, al que decenas de estudiantes y docentes de la casa de estudios universitarios se dieron cita para disfrutar de la entretenida historia.<\/p>\n\n\n\n<p>Seg\u00fan explicaron las autoridades de la vicerrector\u00eda de investigaci\u00f3n y proyecci\u00f3n social, la elecci\u00f3n de la pel\u00edcula fue gracias a las sugerencias de los mismos estudiantes, quienes tuvieron la oportunidad de participar en una din\u00e1mica de diferentes medios institucionales.<\/p>\n\n\n\n<p>La vicerrectora de investigaci\u00f3n y proyecci\u00f3n social, Noris L\u00f3pez Guevara, apunta que Cine con Ciencia es un proyecto permanente de la Direcci\u00f3n de Investigaciones, en el que peri\u00f3dicamente se transforma en cinema para compartir mediante la experiencia de las salas de cine y los contenidos del s\u00e9ptimo arte, reflexiones sobre temas cient\u00edficos, de valores y temas de transcendencia con estudiantes, docentes y personal administrativo de la universidad.<\/p>\n\n\n\n<p>Del mismo modo destaca que el desarrollo de Cine con Ciencia busca generar formas alternativas de aprendizaje y sano esparcimiento, abriendo espacios para disfrutar la experiencia de la vida universitaria.<\/p>\n\n\n\n<p>El incre\u00edble castillo vagabundo es una pel\u00edcula del estudio Ghibli, escrita y dirigida por Hayao Miyazaki, basada en la novela de Daiana Win J\u00f4nzu.<\/p>\n\n\n\n<p>La pel\u00edcula cuenta la historia de Sophie, una chica de 18 a\u00f1os que trabaja, incansablemente, en una tienda de sombreros propiedad de su padre antes de fallecer. En camino a visitar a su hermana, Lettie, conoce a un mago llamado Howl, un joven carism\u00e1tico con poderes extraordinarios; sin embargo, Sophie tiene la idea de que el joven est\u00e1 ocultando algo.<\/p>\n\n\n\n<p>De vuelta a su trabajo, Sophie conoce a la Bruja del P\u00e1ramo, quien le guarda rencor al mago Howl, haci\u00e9ndose pasar por un cliente quien le lanza un hechizo que la transforma en una anciana de 90 a\u00f1os; el hechizo tambi\u00e9n le impide decirles a sus compa\u00f1eros su verdadera identidad, por lo que decide abandonar su casa y buscar a Howl, para romper con el hechizo.<\/p>\n\n\n\n<p>Su b\u00fasqueda la llevar\u00e1 al castillo ambulante, residencia del mago, el cual tiene la caracter\u00edstica de trasladarse seg\u00fan la voluntad de su due\u00f1o; pero su apariencia se convierte en un problema y la aventura le representar\u00e1 numerosos desaf\u00edos, como parte de la trama de la pel\u00edcula.<\/p>\n","protected":false},"excerpt":{"rendered":"<p>Estudiantes y docentes abarrotaron el auditorio Adolfo Araujo para disfrutar del film que narra la historia de Sophie, una joven sobre la que pesa una horrible maldici\u00f3n que le confiere el aspecto de una anciana. Wilber Corpe\u00f1o\/Melissa CamposLa Palabra Universitaria Para conmemorar el D\u00eda Internacional de la Juventud, el programa Cine con Ciencia que impulsa&#8230;<\/p>\n","protected":false},"author":1,"featured_media":549,"comment_status":"open","ping_status":"open","sticky":false,"template":"","format":"standard","meta":{"footnotes":""},"categories":[48],"tags":[206,205,49],"class_list":["post-536","post","type-post","status-publish","format-standard","has-post-thumbnail","hentry","category-investigaciones","tag-cine","tag-cine-con-ciencia","tag-vicerrectoria-de-investigacion"],"_links":{"self":[{"href":"https:\/\/lapalabra.utec.edu.sv\/index.php\/wp-json\/wp\/v2\/posts\/536","targetHints":{"allow":["GET"]}}],"collection":[{"href":"https:\/\/lapalabra.utec.edu.sv\/index.php\/wp-json\/wp\/v2\/posts"}],"about":[{"href":"https:\/\/lapalabra.utec.edu.sv\/index.php\/wp-json\/wp\/v2\/types\/post"}],"author":[{"embeddable":true,"href":"https:\/\/lapalabra.utec.edu.sv\/index.php\/wp-json\/wp\/v2\/users\/1"}],"replies":[{"embeddable":true,"href":"https:\/\/lapalabra.utec.edu.sv\/index.php\/wp-json\/wp\/v2\/comments?post=536"}],"version-history":[{"count":1,"href":"https:\/\/lapalabra.utec.edu.sv\/index.php\/wp-json\/wp\/v2\/posts\/536\/revisions"}],"predecessor-version":[{"id":537,"href":"https:\/\/lapalabra.utec.edu.sv\/index.php\/wp-json\/wp\/v2\/posts\/536\/revisions\/537"}],"wp:featuredmedia":[{"embeddable":true,"href":"https:\/\/lapalabra.utec.edu.sv\/index.php\/wp-json\/wp\/v2\/media\/549"}],"wp:attachment":[{"href":"https:\/\/lapalabra.utec.edu.sv\/index.php\/wp-json\/wp\/v2\/media?parent=536"}],"wp:term":[{"taxonomy":"category","embeddable":true,"href":"https:\/\/lapalabra.utec.edu.sv\/index.php\/wp-json\/wp\/v2\/categories?post=536"},{"taxonomy":"post_tag","embeddable":true,"href":"https:\/\/lapalabra.utec.edu.sv\/index.php\/wp-json\/wp\/v2\/tags?post=536"}],"curies":[{"name":"wp","href":"https:\/\/api.w.org\/{rel}","templated":true}]}}