{"id":5281,"date":"2026-09-04T15:57:22","date_gmt":"2026-09-04T21:57:22","guid":{"rendered":"https:\/\/lapalabra.utec.edu.sv\/?p=5281"},"modified":"2026-09-04T15:57:22","modified_gmt":"2026-09-04T21:57:22","slug":"jovenes-impulsaran-el-desarrollo-de-sus-comunidades-mediante-diplomado-de-liderazgo-de-la-utec-y-fusades","status":"publish","type":"post","link":"https:\/\/lapalabra.utec.edu.sv\/index.php\/jovenes-impulsaran-el-desarrollo-de-sus-comunidades-mediante-diplomado-de-liderazgo-de-la-utec-y-fusades\/","title":{"rendered":"J\u00f3venes impulsar\u00e1n el desarrollo de sus comunidades mediante diplomado de liderazgo de la UTEC y FUSADES"},"content":{"rendered":"\n<p class=\"has-text-color has-link-color wp-elements-1 wp-block-paragraph\" style=\"color:#5a1533\"><strong>La iniciativa busca fortalecer las competencias de liderazgo, autoconocimiento y trabajo colaborativo de j\u00f3venes interesados en generar iniciativas con impacto positivo en sus comunidades.<\/strong><\/p>\n\n\n\n<p class=\"wp-block-paragraph\"><em>Chelsy Lar\u00edn<br>La Palabra Universitaria<\/em><\/p>\n\n\n\n<p class=\"wp-block-paragraph\">La Universidad Tecnol\u00f3gica de El Salvador (UTEC), en alianza con el Programa FORTAS de FUSADES, inaugur\u00f3 el diplomado \u201cJuventud: L\u00edderes para la Acci\u00f3n Social\u201d, una iniciativa orientada a fortalecer las capacidades personales y sociales de j\u00f3venes interesados en convertirse en agentes de cambio en sus comunidades.<\/p>\n\n\n\n<p class=\"wp-block-paragraph\">La actividad se desarroll\u00f3 de manera virtual, a trav\u00e9s de la plataforma Zoom, y destac\u00f3 la importancia de complementar la formaci\u00f3n acad\u00e9mica con espacios que permitan desarrollar competencias de liderazgo, autoconocimiento, trabajo colaborativo y habilidades para dise\u00f1ar iniciativas con impacto social.<\/p>\n\n\n\n<p class=\"wp-block-paragraph\">Durante la inauguraci\u00f3n, el director de Proyecci\u00f3n Social de la UTEC, William G\u00e9liz, resalt\u00f3 la importancia de brindar oportunidades formativas que contribuyan al desarrollo acad\u00e9mico, personal y profesional de los participantes.<\/p>\n\n\n\n<p class=\"wp-block-paragraph\">Asimismo, destac\u00f3 el compromiso de la UTEC con la formaci\u00f3n integral de la juventud y la necesidad de promover liderazgos capaces de generar transformaciones positivas en sus comunidades. Tambi\u00e9n agradeci\u00f3 la participaci\u00f3n de los j\u00f3venes y la alianza establecida con el Programa FORTAS de FUSADES.<\/p>\n\n\n\n<p class=\"wp-block-paragraph\">Por su parte, Julio N\u00e1jera, coordinador de Desarrollo Humano del Programa FORTAS de FUSADES, explic\u00f3 los objetivos y alcances del diplomado, se\u00f1alando que el proceso formativo busca fortalecer el liderazgo personal y el trabajo colaborativo mediante herramientas de autoconocimiento, gesti\u00f3n personal y formulaci\u00f3n de proyectos de impacto social.<\/p>\n\n\n\n<p class=\"wp-block-paragraph\">Posteriormente, se desarroll\u00f3 la primera jornada formativa, facilitada por la licenciada Alma Rivera, del Programa FORTAS de FUSADES, bajo el tema \u201cLiderazgo: del autoconocimiento al prop\u00f3sito personal\u201d.<\/p>\n\n\n\n<p class=\"wp-block-paragraph\">Durante la sesi\u00f3n, los participantes realizaron ejercicios de reflexi\u00f3n y autoconocimiento, entre ellos la identificaci\u00f3n de las caracter\u00edsticas de un buen l\u00edder, an\u00e1lisis FODA, pruebas de personalidad y din\u00e1micas colaborativas relacionadas con el liderazgo y el trabajo en equipo.<\/p>\n\n\n\n<p class=\"wp-block-paragraph\">El diplomado contempla cinco sesiones formativas que abordar\u00e1n temas vinculados con habilidades blandas, creaci\u00f3n de iniciativas sociales, planificaci\u00f3n estrat\u00e9gica y liderazgo en acci\u00f3n. Como parte del proceso, los participantes tambi\u00e9n recibir\u00e1n asesor\u00eda y acompa\u00f1amiento para la formulaci\u00f3n e implementaci\u00f3n de iniciativas sociales en entornos digitales.<\/p>\n","protected":false},"excerpt":{"rendered":"<p>La iniciativa busca fortalecer las competencias de liderazgo, autoconocimiento y trabajo colaborativo de j\u00f3venes interesados en generar iniciativas con impacto positivo en sus comunidades. Chelsy Lar\u00ednLa Palabra Universitaria La Universidad Tecnol\u00f3gica de El Salvador (UTEC), en alianza con el Programa FORTAS de FUSADES, inaugur\u00f3 el diplomado \u201cJuventud: L\u00edderes para la Acci\u00f3n Social\u201d, una iniciativa orientada&#8230;<\/p>\n","protected":false},"author":1,"featured_media":5282,"comment_status":"open","ping_status":"open","sticky":false,"template":"","format":"standard","meta":{"footnotes":""},"categories":[1,32],"tags":[102,725,644,463],"class_list":["post-5281","post","type-post","status-publish","format-standard","has-post-thumbnail","hentry","category-campus-utec","category-videoconferencias","tag-diplomado","tag-fortas","tag-fusades","tag-liderazgo"],"_links":{"self":[{"href":"https:\/\/lapalabra.utec.edu.sv\/index.php\/wp-json\/wp\/v2\/posts\/5281","targetHints":{"allow":["GET"]}}],"collection":[{"href":"https:\/\/lapalabra.utec.edu.sv\/index.php\/wp-json\/wp\/v2\/posts"}],"about":[{"href":"https:\/\/lapalabra.utec.edu.sv\/index.php\/wp-json\/wp\/v2\/types\/post"}],"author":[{"embeddable":true,"href":"https:\/\/lapalabra.utec.edu.sv\/index.php\/wp-json\/wp\/v2\/users\/1"}],"replies":[{"embeddable":true,"href":"https:\/\/lapalabra.utec.edu.sv\/index.php\/wp-json\/wp\/v2\/comments?post=5281"}],"version-history":[{"count":1,"href":"https:\/\/lapalabra.utec.edu.sv\/index.php\/wp-json\/wp\/v2\/posts\/5281\/revisions"}],"predecessor-version":[{"id":5283,"href":"https:\/\/lapalabra.utec.edu.sv\/index.php\/wp-json\/wp\/v2\/posts\/5281\/revisions\/5283"}],"wp:featuredmedia":[{"embeddable":true,"href":"https:\/\/lapalabra.utec.edu.sv\/index.php\/wp-json\/wp\/v2\/media\/5282"}],"wp:attachment":[{"href":"https:\/\/lapalabra.utec.edu.sv\/index.php\/wp-json\/wp\/v2\/media?parent=5281"}],"wp:term":[{"taxonomy":"category","embeddable":true,"href":"https:\/\/lapalabra.utec.edu.sv\/index.php\/wp-json\/wp\/v2\/categories?post=5281"},{"taxonomy":"post_tag","embeddable":true,"href":"https:\/\/lapalabra.utec.edu.sv\/index.php\/wp-json\/wp\/v2\/tags?post=5281"}],"curies":[{"name":"wp","href":"https:\/\/api.w.org\/{rel}","templated":true}]}}