{"id":5277,"date":"2026-09-04T12:06:18","date_gmt":"2026-09-04T18:06:18","guid":{"rendered":"https:\/\/lapalabra.utec.edu.sv\/?p=5277"},"modified":"2026-09-04T12:06:18","modified_gmt":"2026-09-04T18:06:18","slug":"estudiantes-de-comunicaciones-participan-en-movilidad-internacional-en-guatemala","status":"publish","type":"post","link":"https:\/\/lapalabra.utec.edu.sv\/index.php\/estudiantes-de-comunicaciones-participan-en-movilidad-internacional-en-guatemala\/","title":{"rendered":"Estudiantes de Comunicaciones participan en movilidad internacional en Guatemala"},"content":{"rendered":"\n<p class=\"has-text-color has-link-color wp-elements-1 wp-block-paragraph\" style=\"color:#5a1533\"><strong>La delegaci\u00f3n acad\u00e9mica busca fortalecer sus conocimientos y ampliar sus perspectivas profesionales en la Universidad de San Carlos de Guatemala.<\/strong><\/p>\n\n\n\n<p class=\"wp-block-paragraph\"><em>Jonathan V\u00e1squez<br>Fotograf\u00edas: Cortes\u00eda<br>La Palabra Universitaria<\/em><\/p>\n\n\n\n<p class=\"wp-block-paragraph\">Un grupo de diez estudiantes de la Escuela de Comunicaciones de la Universidad Tecnol\u00f3gica de El Salvador (UTEC) participa en una experiencia de movilidad internacional en la Universidad de San Carlos de Guatemala, como parte de las iniciativas de internacionalizaci\u00f3n e intercambio acad\u00e9mico que impulsa la instituci\u00f3n.<\/p>\n\n\n\n<p class=\"wp-block-paragraph\">Durante su estancia en la casa de estudios guatemalteca, los estudiantes tendr\u00e1n la oportunidad de fortalecer sus conocimientos disciplinares, intercambiar experiencias acad\u00e9micas y conocer nuevas perspectivas que contribuyan a su desarrollo profesional y personal.<\/p>\n\n\n\n<p class=\"wp-block-paragraph\">La delegaci\u00f3n estudiantil est\u00e1 acompa\u00f1ada por los docentes de la Escuela de Comunicaciones, Katherine Escobar y David P\u00e9rez, quienes brindan seguimiento y apoyo al proceso formativo, promoviendo el aprovechamiento de esta experiencia acad\u00e9mica e intercultural.<\/p>\n\n\n\n<p class=\"wp-block-paragraph\">Esta actividad permite a los participantes ampliar su visi\u00f3n sobre el ejercicio de la comunicaci\u00f3n en distintos contextos, fortalecer competencias profesionales y establecer v\u00ednculos con estudiantes y docentes de otras instituciones de educaci\u00f3n superior.<\/p>\n\n\n\n<p class=\"wp-block-paragraph\">A trav\u00e9s de programas de movilidad acad\u00e9mica, la UTEC reafirma su compromiso con la formaci\u00f3n integral de sus estudiantes, fomentando experiencias que enriquecen su desarrollo acad\u00e9mico, cultural y humano en entornos internacionales.<\/p>\n\n\n\n<p class=\"wp-block-paragraph\"><\/p>\n","protected":false},"excerpt":{"rendered":"<p>La delegaci\u00f3n acad\u00e9mica busca fortalecer sus conocimientos y ampliar sus perspectivas profesionales en la Universidad de San Carlos de Guatemala. Jonathan V\u00e1squezFotograf\u00edas: Cortes\u00edaLa Palabra Universitaria Un grupo de diez estudiantes de la Escuela de Comunicaciones de la Universidad Tecnol\u00f3gica de El Salvador (UTEC) participa en una experiencia de movilidad internacional en la Universidad de San&#8230;<\/p>\n","protected":false},"author":1,"featured_media":5278,"comment_status":"open","ping_status":"open","sticky":false,"template":"","format":"standard","meta":{"footnotes":""},"categories":[9,1,7],"tags":[21,128,55,154],"class_list":["post-5277","post","type-post","status-publish","format-standard","has-post-thumbnail","hentry","category-ciencias-sociales","category-campus-utec","category-facultades","tag-escuela-de-comunicaciones","tag-estudiantes","tag-facultad-de-ciencia-sociales","tag-relaciones-internacionales"],"_links":{"self":[{"href":"https:\/\/lapalabra.utec.edu.sv\/index.php\/wp-json\/wp\/v2\/posts\/5277","targetHints":{"allow":["GET"]}}],"collection":[{"href":"https:\/\/lapalabra.utec.edu.sv\/index.php\/wp-json\/wp\/v2\/posts"}],"about":[{"href":"https:\/\/lapalabra.utec.edu.sv\/index.php\/wp-json\/wp\/v2\/types\/post"}],"author":[{"embeddable":true,"href":"https:\/\/lapalabra.utec.edu.sv\/index.php\/wp-json\/wp\/v2\/users\/1"}],"replies":[{"embeddable":true,"href":"https:\/\/lapalabra.utec.edu.sv\/index.php\/wp-json\/wp\/v2\/comments?post=5277"}],"version-history":[{"count":1,"href":"https:\/\/lapalabra.utec.edu.sv\/index.php\/wp-json\/wp\/v2\/posts\/5277\/revisions"}],"predecessor-version":[{"id":5279,"href":"https:\/\/lapalabra.utec.edu.sv\/index.php\/wp-json\/wp\/v2\/posts\/5277\/revisions\/5279"}],"wp:featuredmedia":[{"embeddable":true,"href":"https:\/\/lapalabra.utec.edu.sv\/index.php\/wp-json\/wp\/v2\/media\/5278"}],"wp:attachment":[{"href":"https:\/\/lapalabra.utec.edu.sv\/index.php\/wp-json\/wp\/v2\/media?parent=5277"}],"wp:term":[{"taxonomy":"category","embeddable":true,"href":"https:\/\/lapalabra.utec.edu.sv\/index.php\/wp-json\/wp\/v2\/categories?post=5277"},{"taxonomy":"post_tag","embeddable":true,"href":"https:\/\/lapalabra.utec.edu.sv\/index.php\/wp-json\/wp\/v2\/tags?post=5277"}],"curies":[{"name":"wp","href":"https:\/\/api.w.org\/{rel}","templated":true}]}}