{"id":5271,"date":"2026-09-04T11:45:29","date_gmt":"2026-09-04T17:45:29","guid":{"rendered":"https:\/\/lapalabra.utec.edu.sv\/?p=5271"},"modified":"2026-09-04T11:45:29","modified_gmt":"2026-09-04T17:45:29","slug":"hoy-nos-visita-directora-de-vinculacion-destaca-alianzas-en-beneficio-de-la-comunidad-educativa","status":"publish","type":"post","link":"https:\/\/lapalabra.utec.edu.sv\/index.php\/hoy-nos-visita-directora-de-vinculacion-destaca-alianzas-en-beneficio-de-la-comunidad-educativa\/","title":{"rendered":"Hoy nos visita: directora de Vinculaci\u00f3n destaca alianzas en beneficio de la comunidad educativa"},"content":{"rendered":"\n<p class=\"has-text-color has-link-color wp-elements-1 wp-block-paragraph\" style=\"color:#5a1533\"><strong>En el programa radial \u201cHoy nos visita\u201d se abordaron las distintas estrategias para conectar la formaci\u00f3n acad\u00e9mica con las necesidades de los sectores empresarial, gubernamental, social y gremial.<\/strong><\/p>\n\n\n\n<p class=\"wp-block-paragraph\"><em>Aminda Rivera<br>Fotograf\u00edas: Jonathan V\u00e1squez<br>La Palabra Universitaria<\/em><\/p>\n\n\n\n<p class=\"wp-block-paragraph\">Durante la emisi\u00f3n del programa \u201cHoy nos visita\u201d, se abordaron diferentes perspectivas relacionadas con el fortalecimiento de la vinculaci\u00f3n entre la universidad y los distintos sectores de la sociedad.<\/p>\n\n\n\n<p class=\"wp-block-paragraph\">La invitada fue Johana Estefani Aguilar, directora de Vinculaci\u00f3n de la Universidad Tecnol\u00f3gica de El Salvador (UTEC), quien destac\u00f3 la importancia de crear puentes entre la formaci\u00f3n acad\u00e9mica y las necesidades reales del mercado laboral y del entorno social.<\/p>\n\n\n\n<p class=\"wp-block-paragraph\">Uno de los principales temas de la conversaci\u00f3n fue el papel de la Direcci\u00f3n de Vinculaci\u00f3n como enlace entre la universidad y los sectores empresarial, gubernamental, social y gremial. Esta articulaci\u00f3n busca generar oportunidades de colaboraci\u00f3n que permitan responder a las demandas del entorno y, al mismo tiempo, fortalecer la preparaci\u00f3n acad\u00e9mica y profesional de los estudiantes y graduados.<\/p>\n\n\n\n<p class=\"wp-block-paragraph\">\u201cBuscamos fortalecer los v\u00ednculos entre la universidad y los diferentes sectores de la sociedad, generando oportunidades que permitan a nuestros estudiantes acercarse al mundo laboral y desarrollar sus competencias profesionales\u201d, afirm\u00f3 Aguilar.<\/p>\n\n\n\n<p class=\"wp-block-paragraph\">En el \u00e1mbito empresarial, la directora explic\u00f3 la importancia de establecer relaciones con organizaciones de distintos tama\u00f1os, desde peque\u00f1as y medianas empresas hasta grandes corporaciones, con el fin de ampliar las oportunidades de pr\u00e1cticas profesionales, pasant\u00edas y futuras opciones de empleo para la comunidad estudiantil.<\/p>\n\n\n\n<p class=\"wp-block-paragraph\">Asimismo, destac\u00f3 que estas alianzas contribuyen al intercambio de conocimientos y experiencias entre la academia y los diferentes sectores productivos, favoreciendo una formaci\u00f3n m\u00e1s pertinente y alineada con las necesidades del pa\u00eds.<\/p>\n\n\n\n<p class=\"wp-block-paragraph\">El programa \u201cHoy nos visita\u201d se transmite todos los martes a las 10:00 a. m. a trav\u00e9s de Radio UTEC Online.<\/p>\n","protected":false},"excerpt":{"rendered":"<p>En el programa radial \u201cHoy nos visita\u201d se abordaron las distintas estrategias para conectar la formaci\u00f3n acad\u00e9mica con las necesidades de los sectores empresarial, gubernamental, social y gremial. Aminda RiveraFotograf\u00edas: Jonathan V\u00e1squezLa Palabra Universitaria Durante la emisi\u00f3n del programa \u201cHoy nos visita\u201d, se abordaron diferentes perspectivas relacionadas con el fortalecimiento de la vinculaci\u00f3n entre la&#8230;<\/p>\n","protected":false},"author":1,"featured_media":5272,"comment_status":"open","ping_status":"open","sticky":false,"template":"","format":"standard","meta":{"footnotes":""},"categories":[1,6],"tags":[856],"class_list":["post-5271","post","type-post","status-publish","format-standard","has-post-thumbnail","hentry","category-campus-utec","category-en-la-academia","tag-direccion-de-vinculacion"],"_links":{"self":[{"href":"https:\/\/lapalabra.utec.edu.sv\/index.php\/wp-json\/wp\/v2\/posts\/5271","targetHints":{"allow":["GET"]}}],"collection":[{"href":"https:\/\/lapalabra.utec.edu.sv\/index.php\/wp-json\/wp\/v2\/posts"}],"about":[{"href":"https:\/\/lapalabra.utec.edu.sv\/index.php\/wp-json\/wp\/v2\/types\/post"}],"author":[{"embeddable":true,"href":"https:\/\/lapalabra.utec.edu.sv\/index.php\/wp-json\/wp\/v2\/users\/1"}],"replies":[{"embeddable":true,"href":"https:\/\/lapalabra.utec.edu.sv\/index.php\/wp-json\/wp\/v2\/comments?post=5271"}],"version-history":[{"count":1,"href":"https:\/\/lapalabra.utec.edu.sv\/index.php\/wp-json\/wp\/v2\/posts\/5271\/revisions"}],"predecessor-version":[{"id":5273,"href":"https:\/\/lapalabra.utec.edu.sv\/index.php\/wp-json\/wp\/v2\/posts\/5271\/revisions\/5273"}],"wp:featuredmedia":[{"embeddable":true,"href":"https:\/\/lapalabra.utec.edu.sv\/index.php\/wp-json\/wp\/v2\/media\/5272"}],"wp:attachment":[{"href":"https:\/\/lapalabra.utec.edu.sv\/index.php\/wp-json\/wp\/v2\/media?parent=5271"}],"wp:term":[{"taxonomy":"category","embeddable":true,"href":"https:\/\/lapalabra.utec.edu.sv\/index.php\/wp-json\/wp\/v2\/categories?post=5271"},{"taxonomy":"post_tag","embeddable":true,"href":"https:\/\/lapalabra.utec.edu.sv\/index.php\/wp-json\/wp\/v2\/tags?post=5271"}],"curies":[{"name":"wp","href":"https:\/\/api.w.org\/{rel}","templated":true}]}}