{"id":5267,"date":"2026-09-04T11:17:00","date_gmt":"2026-09-04T17:17:00","guid":{"rendered":"https:\/\/lapalabra.utec.edu.sv\/?p=5267"},"modified":"2026-09-04T11:17:00","modified_gmt":"2026-09-04T17:17:00","slug":"utec-conmemora-la-xxi-semana-del-migrante-con-ponencias-e-investigacion-academica","status":"publish","type":"post","link":"https:\/\/lapalabra.utec.edu.sv\/index.php\/utec-conmemora-la-xxi-semana-del-migrante-con-ponencias-e-investigacion-academica\/","title":{"rendered":"UTEC conmemora la XXI Semana del Migrante con ponencias e investigaci\u00f3n acad\u00e9mica"},"content":{"rendered":"\n<p class=\"has-text-color has-link-color wp-elements-1 wp-block-paragraph\" style=\"color:#5a1533\"><strong>El experto en migraci\u00f3n \u00d3scar Chac\u00f3n brind\u00f3 la conferencia inaugural de la Semana del Migrante de la UTEC, en la que abord\u00f3 el tema del Estatus de Protecci\u00f3n Temporal (TPS).<\/strong><\/p>\n\n\n\n<p class=\"wp-block-paragraph\"><em>Andrea Huezo<br>Fotograf\u00eda: Steven Mart\u00ednez<br>La Palabra Universitaria<\/em><\/p>\n\n\n\n<p class=\"wp-block-paragraph\">Desde 2006, la Universidad Tecnol\u00f3gica de El Salvador (UTEC) realiza la conmemoraci\u00f3n de la Semana del Migrante, una iniciativa que busca reflexionar sobre el impacto de la migraci\u00f3n en la poblaci\u00f3n salvadore\u00f1a. A trav\u00e9s de diversas actividades y conferencias, la universidad promueve el conocimiento del derecho a migrar y fomenta la migraci\u00f3n informada y segura.<\/p>\n\n\n\n<p class=\"wp-block-paragraph\">En el acto inaugural participaron el rector acad\u00e9mico, Nelson Z\u00e1rate; la vicerrectora de Investigaci\u00f3n y Proyecci\u00f3n Social, Noris L\u00f3pez; y \u00d3scar Chac\u00f3n, cofundador y asesor estrat\u00e9gico de Alianza Americas, quien desarroll\u00f3 una conferencia sobre el Estatus de Protecci\u00f3n Temporal (TPS).<\/p>\n\n\n<div class=\"wp-block-image\">\n<figure class=\"alignright size-full\"><img loading=\"lazy\" decoding=\"async\" width=\"309\" height=\"450\" src=\"https:\/\/lapalabra.utec.edu.sv\/wp-content\/uploads\/2026\/09\/migrantes.jpg\" alt=\"\" class=\"wp-image-5269\" srcset=\"https:\/\/lapalabra.utec.edu.sv\/wp-content\/uploads\/2026\/09\/migrantes.jpg 309w, https:\/\/lapalabra.utec.edu.sv\/wp-content\/uploads\/2026\/09\/migrantes-206x300.jpg 206w\" sizes=\"auto, (max-width: 309px) 100vw, 309px\" \/><\/figure>\n<\/div>\n\n\n<p class=\"wp-block-paragraph\">Durante su ponencia, Chac\u00f3n se\u00f1al\u00f3 que existe un panorama de incertidumbre para m\u00e1s de 160,000 personas beneficiarias de este programa migratorio. Asimismo, destac\u00f3 los desaf\u00edos que enfrentan las comunidades migrantes en el actual contexto internacional.<\/p>\n\n\n\n<p class=\"wp-block-paragraph\">A lo largo de los a\u00f1os, la UTEC ha mantenido un compromiso constante con el estudio de las migraciones, acumulando cerca de 20 investigaciones y publicaciones acad\u00e9micas sobre esta tem\u00e1tica. Adem\u00e1s, ha establecido alianzas con instituciones internacionales, organizaciones no gubernamentales, la Canciller\u00eda de la Rep\u00fablica, a trav\u00e9s del Viceministerio para los Salvadore\u00f1os en el Exterior, y universidades nacionales e internacionales.<\/p>\n\n\n\n<p class=\"wp-block-paragraph\">La coordinadora de la C\u00e1tedra de Migraciones de la UTEC, Elsa Ramos, destac\u00f3 que el principal objetivo de esta conmemoraci\u00f3n es informar, sensibilizar y concienciar sobre la realidad migratoria que vive el pa\u00eds. Asimismo, subray\u00f3 la importancia de que los estudiantes conozcan que migrar es un derecho y que cualquier decisi\u00f3n relacionada con este proceso debe tomarse de manera informada y responsable.<\/p>\n\n\n\n<p class=\"wp-block-paragraph\">Como parte de la jornada, se presentaron exposiciones fotogr\u00e1ficas, expresiones musicales, obras pict\u00f3ricas, investigaciones y otros trabajos acad\u00e9micos orientados a visibilizar la denominada Ruta del Migrante, incorporando datos y testimonios relacionados con personas desaparecidas o fallecidas durante su proceso migratorio.<\/p>\n","protected":false},"excerpt":{"rendered":"<p>El experto en migraci\u00f3n \u00d3scar Chac\u00f3n brind\u00f3 la conferencia inaugural de la Semana del Migrante de la UTEC, en la que abord\u00f3 el tema del Estatus de Protecci\u00f3n Temporal (TPS). Andrea HuezoFotograf\u00eda: Steven Mart\u00ednezLa Palabra Universitaria Desde 2006, la Universidad Tecnol\u00f3gica de El Salvador (UTEC) realiza la conmemoraci\u00f3n de la Semana del Migrante, una iniciativa&#8230;<\/p>\n","protected":false},"author":1,"featured_media":5268,"comment_status":"open","ping_status":"open","sticky":false,"template":"","format":"standard","meta":{"footnotes":""},"categories":[4,1],"tags":[218,49],"class_list":["post-5267","post","type-post","status-publish","format-standard","has-post-thumbnail","hentry","category-congresos","category-campus-utec","tag-semana-del-migrante","tag-vicerrectoria-de-investigacion"],"_links":{"self":[{"href":"https:\/\/lapalabra.utec.edu.sv\/index.php\/wp-json\/wp\/v2\/posts\/5267","targetHints":{"allow":["GET"]}}],"collection":[{"href":"https:\/\/lapalabra.utec.edu.sv\/index.php\/wp-json\/wp\/v2\/posts"}],"about":[{"href":"https:\/\/lapalabra.utec.edu.sv\/index.php\/wp-json\/wp\/v2\/types\/post"}],"author":[{"embeddable":true,"href":"https:\/\/lapalabra.utec.edu.sv\/index.php\/wp-json\/wp\/v2\/users\/1"}],"replies":[{"embeddable":true,"href":"https:\/\/lapalabra.utec.edu.sv\/index.php\/wp-json\/wp\/v2\/comments?post=5267"}],"version-history":[{"count":1,"href":"https:\/\/lapalabra.utec.edu.sv\/index.php\/wp-json\/wp\/v2\/posts\/5267\/revisions"}],"predecessor-version":[{"id":5270,"href":"https:\/\/lapalabra.utec.edu.sv\/index.php\/wp-json\/wp\/v2\/posts\/5267\/revisions\/5270"}],"wp:featuredmedia":[{"embeddable":true,"href":"https:\/\/lapalabra.utec.edu.sv\/index.php\/wp-json\/wp\/v2\/media\/5268"}],"wp:attachment":[{"href":"https:\/\/lapalabra.utec.edu.sv\/index.php\/wp-json\/wp\/v2\/media?parent=5267"}],"wp:term":[{"taxonomy":"category","embeddable":true,"href":"https:\/\/lapalabra.utec.edu.sv\/index.php\/wp-json\/wp\/v2\/categories?post=5267"},{"taxonomy":"post_tag","embeddable":true,"href":"https:\/\/lapalabra.utec.edu.sv\/index.php\/wp-json\/wp\/v2\/tags?post=5267"}],"curies":[{"name":"wp","href":"https:\/\/api.w.org\/{rel}","templated":true}]}}