{"id":5263,"date":"2026-09-04T10:55:39","date_gmt":"2026-09-04T16:55:39","guid":{"rendered":"https:\/\/lapalabra.utec.edu.sv\/?p=5263"},"modified":"2026-09-04T12:11:58","modified_gmt":"2026-09-04T18:11:58","slug":"escuela-de-psicologia-conmemora-el-dia-de-concienciacion-sobre-las-sobredosis","status":"publish","type":"post","link":"https:\/\/lapalabra.utec.edu.sv\/index.php\/escuela-de-psicologia-conmemora-el-dia-de-concienciacion-sobre-las-sobredosis\/","title":{"rendered":"Escuela de Psicolog\u00eda conmemora el D\u00eda de Concienciaci\u00f3n sobre las Sobredosis"},"content":{"rendered":"\n<p class=\"has-text-color has-link-color wp-elements-1 wp-block-paragraph\" style=\"color:#5a1533\"><strong>Especialistas en toxicolog\u00eda y adicciones compartieron herramientas de sensibilizaci\u00f3n con la comunidad universitaria.<\/strong><\/p>\n\n\n\n<p class=\"wp-block-paragraph\"><em>Jonathan V\u00e1squez<br>Fotograf\u00eda: Edder Delgado<br>La Palabra Universitaria<\/em><\/p>\n\n\n\n<p class=\"wp-block-paragraph\">En el marco del D\u00eda Internacional de Concienciaci\u00f3n sobre las Sobredosis, la Universidad Tecnol\u00f3gica de El Salvador (UTEC), a trav\u00e9s de la Facultad de Ciencias Sociales y su Escuela de Psicolog\u00eda, desarroll\u00f3 una jornada acad\u00e9mica orientada a la sensibilizaci\u00f3n, la prevenci\u00f3n y la promoci\u00f3n del bienestar integral.<\/p>\n\n\n\n<p class=\"wp-block-paragraph\">La actividad fue organizada por la C\u00e1tedra de Salud Mental, en coordinaci\u00f3n con la Federaci\u00f3n Salvadore\u00f1a de Centros de Tratamiento en Adicciones (FESACTA).<\/p>\n\n\n\n<p class=\"wp-block-paragraph\">El encuentro inici\u00f3 con la ponencia \u201cConcienciaci\u00f3n sobre la sobredosis: 25 a\u00f1os, a\u00fan se necesita\u201d, impartida por el Dr. Manuel Salvador Morales, comisionado de la Asociaci\u00f3n de Hogares CREA. Posteriormente, el Dr. Ricardo Enrique Cook, especialista en toxicolog\u00eda y m\u00e9dico coordinador del Centro de Prevenci\u00f3n y Tratamiento de Adicciones (CPTA) La Esperanza, desarroll\u00f3 la tem\u00e1tica \u201cAbuso y dependencia de sustancias psicoactivas\u201d, en la que abord\u00f3 los riesgos asociados al consumo de drogas y la importancia de la prevenci\u00f3n y la atenci\u00f3n oportuna.<\/p>\n\n\n\n<p class=\"wp-block-paragraph\">La actividad cont\u00f3 con la participaci\u00f3n de estudiantes de diversas asignaturas, as\u00ed como con la presencia de la directora de la Escuela de Psicolog\u00eda, Beatriz Mart\u00ednez, quien acompa\u00f1\u00f3 y respald\u00f3 el desarrollo de las ponencias.<\/p>\n\n\n\n<p class=\"wp-block-paragraph\">A trav\u00e9s de este tipo de iniciativas, la UTEC fortalece los espacios de reflexi\u00f3n y aprendizaje sobre temas relacionados con la salud mental, las adicciones y la prevenci\u00f3n de riesgos, contribuyendo a la formaci\u00f3n integral de su comunidad estudiantil.<\/p>\n","protected":false},"excerpt":{"rendered":"<p>Especialistas en toxicolog\u00eda y adicciones compartieron herramientas de sensibilizaci\u00f3n con la comunidad universitaria. Jonathan V\u00e1squezFotograf\u00eda: Edder DelgadoLa Palabra Universitaria En el marco del D\u00eda Internacional de Concienciaci\u00f3n sobre las Sobredosis, la Universidad Tecnol\u00f3gica de El Salvador (UTEC), a trav\u00e9s de la Facultad de Ciencias Sociales y su Escuela de Psicolog\u00eda, desarroll\u00f3 una jornada acad\u00e9mica orientada&#8230;<\/p>\n","protected":false},"author":1,"featured_media":5264,"comment_status":"open","ping_status":"open","sticky":false,"template":"","format":"standard","meta":{"footnotes":""},"categories":[9,1,7],"tags":[147,55],"class_list":["post-5263","post","type-post","status-publish","format-standard","has-post-thumbnail","hentry","category-ciencias-sociales","category-campus-utec","category-facultades","tag-escuela-de-psicologia","tag-facultad-de-ciencia-sociales"],"_links":{"self":[{"href":"https:\/\/lapalabra.utec.edu.sv\/index.php\/wp-json\/wp\/v2\/posts\/5263","targetHints":{"allow":["GET"]}}],"collection":[{"href":"https:\/\/lapalabra.utec.edu.sv\/index.php\/wp-json\/wp\/v2\/posts"}],"about":[{"href":"https:\/\/lapalabra.utec.edu.sv\/index.php\/wp-json\/wp\/v2\/types\/post"}],"author":[{"embeddable":true,"href":"https:\/\/lapalabra.utec.edu.sv\/index.php\/wp-json\/wp\/v2\/users\/1"}],"replies":[{"embeddable":true,"href":"https:\/\/lapalabra.utec.edu.sv\/index.php\/wp-json\/wp\/v2\/comments?post=5263"}],"version-history":[{"count":1,"href":"https:\/\/lapalabra.utec.edu.sv\/index.php\/wp-json\/wp\/v2\/posts\/5263\/revisions"}],"predecessor-version":[{"id":5265,"href":"https:\/\/lapalabra.utec.edu.sv\/index.php\/wp-json\/wp\/v2\/posts\/5263\/revisions\/5265"}],"wp:featuredmedia":[{"embeddable":true,"href":"https:\/\/lapalabra.utec.edu.sv\/index.php\/wp-json\/wp\/v2\/media\/5264"}],"wp:attachment":[{"href":"https:\/\/lapalabra.utec.edu.sv\/index.php\/wp-json\/wp\/v2\/media?parent=5263"}],"wp:term":[{"taxonomy":"category","embeddable":true,"href":"https:\/\/lapalabra.utec.edu.sv\/index.php\/wp-json\/wp\/v2\/categories?post=5263"},{"taxonomy":"post_tag","embeddable":true,"href":"https:\/\/lapalabra.utec.edu.sv\/index.php\/wp-json\/wp\/v2\/tags?post=5263"}],"curies":[{"name":"wp","href":"https:\/\/api.w.org\/{rel}","templated":true}]}}