{"id":5259,"date":"2026-09-04T10:48:10","date_gmt":"2026-09-04T16:48:10","guid":{"rendered":"https:\/\/lapalabra.utec.edu.sv\/?p=5259"},"modified":"2026-09-04T15:40:41","modified_gmt":"2026-09-04T21:40:41","slug":"estudiantes-se-capacitan-en-innovacion-social-con-el-seminario-de-la-idea-a-la-accion","status":"publish","type":"post","link":"https:\/\/lapalabra.utec.edu.sv\/index.php\/estudiantes-se-capacitan-en-innovacion-social-con-el-seminario-de-la-idea-a-la-accion\/","title":{"rendered":"Estudiantes se capacitan en innovaci\u00f3n social con el seminario De la idea a la acci\u00f3n"},"content":{"rendered":"\n<p class=\"has-text-color has-link-color wp-elements-1 wp-block-paragraph\" style=\"color:#5a1533\"><strong>La jornada acad\u00e9mica brind\u00f3 metodolog\u00edas para transformar desaf\u00edos del entorno en iniciativas de emprendimiento sostenible.<\/strong><\/p>\n\n\n\n<p class=\"wp-block-paragraph\"><em>Jonathan V\u00e1squez<br>Fotograf\u00eda: Rafael Montes<br>La Palabra Universitaria<\/em><\/p>\n\n\n\n<p class=\"wp-block-paragraph\">La Universidad Tecnol\u00f3gica de El Salvador (UTEC), a trav\u00e9s de la Direcci\u00f3n de Proyecci\u00f3n Social, Lab UTEC N\u00facleo y la iniciativa Perspectivas, desarroll\u00f3 el seminario \u201cDe la idea a la acci\u00f3n: herramientas para dise\u00f1ar proyectos de innovaci\u00f3n social\u201d, realizado en el Auditorio Dr. Rufino Garay.<\/p>\n\n\n\n<p class=\"wp-block-paragraph\">La actividad cont\u00f3 con la participaci\u00f3n de estudiantes de diversas asignaturas, quienes se reunieron para adquirir competencias clave relacionadas con la identificaci\u00f3n de oportunidades de emprendimiento a partir de problem\u00e1ticas comunitarias.<\/p>\n\n\n\n<p class=\"wp-block-paragraph\">La ponencia estuvo a cargo de \u00d3scar David Hern\u00e1ndez Portillo, especialista en emprendimiento del proyecto Perspectivas de Swisscontact El Salvador. Durante su intervenci\u00f3n, comparti\u00f3 herramientas metodol\u00f3gicas orientadas al dise\u00f1o y estructuraci\u00f3n de propuestas sostenibles con impacto positivo en la sociedad.<\/p>\n\n\n\n<p class=\"wp-block-paragraph\">El encuentro cont\u00f3 adem\u00e1s con la presencia del director de Proyecci\u00f3n Social de la UTEC, William Geliz, quien enfatiz\u00f3 la importancia de vincular el conocimiento acad\u00e9mico con la b\u00fasqueda de soluciones a desaf\u00edos reales que enfrentan las comunidades.<\/p>\n\n\n\n<p class=\"wp-block-paragraph\">La jornada permiti\u00f3 a los participantes fortalecer sus capacidades para formular iniciativas de innovaci\u00f3n social, promoviendo el compromiso con el desarrollo sostenible y la generaci\u00f3n de propuestas que contribuyan al bienestar colectivo.<\/p>\n\n\n\n<p class=\"wp-block-paragraph\"><\/p>\n","protected":false},"excerpt":{"rendered":"<p>La jornada acad\u00e9mica brind\u00f3 metodolog\u00edas para transformar desaf\u00edos del entorno en iniciativas de emprendimiento sostenible. Jonathan V\u00e1squezFotograf\u00eda: Rafael MontesLa Palabra Universitaria La Universidad Tecnol\u00f3gica de El Salvador (UTEC), a trav\u00e9s de la Direcci\u00f3n de Proyecci\u00f3n Social, Lab UTEC N\u00facleo y la iniciativa Perspectivas, desarroll\u00f3 el seminario \u201cDe la idea a la acci\u00f3n: herramientas para dise\u00f1ar&#8230;<\/p>\n","protected":false},"author":1,"featured_media":5260,"comment_status":"open","ping_status":"open","sticky":false,"template":"","format":"standard","meta":{"footnotes":""},"categories":[2,1],"tags":[128,137,50],"class_list":["post-5259","post","type-post","status-publish","format-standard","has-post-thumbnail","hentry","category-capacitaciones-utec","category-campus-utec","tag-estudiantes","tag-lab-utec-nucleo","tag-proyeccion-social"],"_links":{"self":[{"href":"https:\/\/lapalabra.utec.edu.sv\/index.php\/wp-json\/wp\/v2\/posts\/5259","targetHints":{"allow":["GET"]}}],"collection":[{"href":"https:\/\/lapalabra.utec.edu.sv\/index.php\/wp-json\/wp\/v2\/posts"}],"about":[{"href":"https:\/\/lapalabra.utec.edu.sv\/index.php\/wp-json\/wp\/v2\/types\/post"}],"author":[{"embeddable":true,"href":"https:\/\/lapalabra.utec.edu.sv\/index.php\/wp-json\/wp\/v2\/users\/1"}],"replies":[{"embeddable":true,"href":"https:\/\/lapalabra.utec.edu.sv\/index.php\/wp-json\/wp\/v2\/comments?post=5259"}],"version-history":[{"count":3,"href":"https:\/\/lapalabra.utec.edu.sv\/index.php\/wp-json\/wp\/v2\/posts\/5259\/revisions"}],"predecessor-version":[{"id":5280,"href":"https:\/\/lapalabra.utec.edu.sv\/index.php\/wp-json\/wp\/v2\/posts\/5259\/revisions\/5280"}],"wp:featuredmedia":[{"embeddable":true,"href":"https:\/\/lapalabra.utec.edu.sv\/index.php\/wp-json\/wp\/v2\/media\/5260"}],"wp:attachment":[{"href":"https:\/\/lapalabra.utec.edu.sv\/index.php\/wp-json\/wp\/v2\/media?parent=5259"}],"wp:term":[{"taxonomy":"category","embeddable":true,"href":"https:\/\/lapalabra.utec.edu.sv\/index.php\/wp-json\/wp\/v2\/categories?post=5259"},{"taxonomy":"post_tag","embeddable":true,"href":"https:\/\/lapalabra.utec.edu.sv\/index.php\/wp-json\/wp\/v2\/tags?post=5259"}],"curies":[{"name":"wp","href":"https:\/\/api.w.org\/{rel}","templated":true}]}}