{"id":5256,"date":"2026-09-04T10:42:05","date_gmt":"2026-09-04T16:42:05","guid":{"rendered":"https:\/\/lapalabra.utec.edu.sv\/?p=5256"},"modified":"2026-09-04T10:42:05","modified_gmt":"2026-09-04T16:42:05","slug":"estudiantes-reciben-capacitacion-sobre-proyectos-de-proyeccion-social-del-ciclo-02-2026","status":"publish","type":"post","link":"https:\/\/lapalabra.utec.edu.sv\/index.php\/estudiantes-reciben-capacitacion-sobre-proyectos-de-proyeccion-social-del-ciclo-02-2026\/","title":{"rendered":"Estudiantes reciben capacitaci\u00f3n sobre proyectos de Proyecci\u00f3n Social del ciclo 02-2026"},"content":{"rendered":"\n<p class=\"has-text-color has-link-color wp-elements-1 wp-block-paragraph\" style=\"color:#5a1533\"><strong>La jornada destac\u00f3 la aplicaci\u00f3n pr\u00e1ctica de conocimientos y la Responsabilidad Social Universitaria.<\/strong><\/p>\n\n\n\n<p class=\"wp-block-paragraph\"><em>Milena Servano<br>La Palabra Universitaria<\/em><\/p>\n\n\n\n<p class=\"wp-block-paragraph\">La Universidad Tecnol\u00f3gica de El Salvador (UTEC), a trav\u00e9s de la Vicerrector\u00eda de Investigaci\u00f3n y Proyecci\u00f3n Social y la Direcci\u00f3n de Proyecci\u00f3n Social, capacit\u00f3 a estudiantes con el prop\u00f3sito de explicar en qu\u00e9 consisten estos proyectos y cu\u00e1l es el impacto que sus conocimientos pueden generar en las comunidades.<\/p>\n\n\n\n<p class=\"wp-block-paragraph\">Durante la jornada, la vicerrectora de Investigaci\u00f3n y Proyecci\u00f3n Social, Noris Isabel L\u00f3pez Guevara, explic\u00f3 que la educaci\u00f3n superior se desarrolla a trav\u00e9s de tres funciones fundamentales: docencia, investigaci\u00f3n y proyecci\u00f3n social. Se\u00f1al\u00f3 que esta \u00faltima permite que la universidad, junto con docentes y estudiantes, intervenga en las comunidades para contribuir a la atenci\u00f3n de necesidades previamente identificadas.<\/p>\n\n\n\n<p class=\"wp-block-paragraph\">Adem\u00e1s, destac\u00f3 que la proyecci\u00f3n social representa una oportunidad para poner en pr\u00e1ctica los conocimientos adquiridos en las aulas, as\u00ed como para desarrollar habilidades, fortalecer valores y adquirir nuevas experiencias.<\/p>\n\n\n\n<p class=\"wp-block-paragraph\">La capacitaci\u00f3n tambi\u00e9n abord\u00f3 la Responsabilidad Social Universitaria (RSU), presentada como una estrategia orientada a generar impacto en los \u00e1mbitos organizacional, educativo, cognitivo y social. En este marco, se invit\u00f3 a los estudiantes a participar en diferentes iniciativas impulsadas por la universidad, adem\u00e1s de los proyectos de proyecci\u00f3n social.<\/p>\n\n\n\n<p class=\"wp-block-paragraph\">Finalmente, los organizadores invitaron a los estudiantes a acercarse a las escuelas de cada facultad para conocer los proyectos disponibles y manifestar su inter\u00e9s en participar.<\/p>\n","protected":false},"excerpt":{"rendered":"<p>La jornada destac\u00f3 la aplicaci\u00f3n pr\u00e1ctica de conocimientos y la Responsabilidad Social Universitaria. Milena ServanoLa Palabra Universitaria La Universidad Tecnol\u00f3gica de El Salvador (UTEC), a trav\u00e9s de la Vicerrector\u00eda de Investigaci\u00f3n y Proyecci\u00f3n Social y la Direcci\u00f3n de Proyecci\u00f3n Social, capacit\u00f3 a estudiantes con el prop\u00f3sito de explicar en qu\u00e9 consisten estos proyectos y cu\u00e1l&#8230;<\/p>\n","protected":false},"author":1,"featured_media":5257,"comment_status":"open","ping_status":"open","sticky":false,"template":"","format":"standard","meta":{"footnotes":""},"categories":[1,14],"tags":[128,50],"class_list":["post-5256","post","type-post","status-publish","format-standard","has-post-thumbnail","hentry","category-campus-utec","category-proyeccion-social","tag-estudiantes","tag-proyeccion-social"],"_links":{"self":[{"href":"https:\/\/lapalabra.utec.edu.sv\/index.php\/wp-json\/wp\/v2\/posts\/5256","targetHints":{"allow":["GET"]}}],"collection":[{"href":"https:\/\/lapalabra.utec.edu.sv\/index.php\/wp-json\/wp\/v2\/posts"}],"about":[{"href":"https:\/\/lapalabra.utec.edu.sv\/index.php\/wp-json\/wp\/v2\/types\/post"}],"author":[{"embeddable":true,"href":"https:\/\/lapalabra.utec.edu.sv\/index.php\/wp-json\/wp\/v2\/users\/1"}],"replies":[{"embeddable":true,"href":"https:\/\/lapalabra.utec.edu.sv\/index.php\/wp-json\/wp\/v2\/comments?post=5256"}],"version-history":[{"count":1,"href":"https:\/\/lapalabra.utec.edu.sv\/index.php\/wp-json\/wp\/v2\/posts\/5256\/revisions"}],"predecessor-version":[{"id":5258,"href":"https:\/\/lapalabra.utec.edu.sv\/index.php\/wp-json\/wp\/v2\/posts\/5256\/revisions\/5258"}],"wp:featuredmedia":[{"embeddable":true,"href":"https:\/\/lapalabra.utec.edu.sv\/index.php\/wp-json\/wp\/v2\/media\/5257"}],"wp:attachment":[{"href":"https:\/\/lapalabra.utec.edu.sv\/index.php\/wp-json\/wp\/v2\/media?parent=5256"}],"wp:term":[{"taxonomy":"category","embeddable":true,"href":"https:\/\/lapalabra.utec.edu.sv\/index.php\/wp-json\/wp\/v2\/categories?post=5256"},{"taxonomy":"post_tag","embeddable":true,"href":"https:\/\/lapalabra.utec.edu.sv\/index.php\/wp-json\/wp\/v2\/tags?post=5256"}],"curies":[{"name":"wp","href":"https:\/\/api.w.org\/{rel}","templated":true}]}}