{"id":4733,"date":"2026-04-24T15:58:34","date_gmt":"2026-04-24T21:58:34","guid":{"rendered":"https:\/\/lapalabra.utec.edu.sv\/?p=4733"},"modified":"2026-04-24T15:58:34","modified_gmt":"2026-04-24T21:58:34","slug":"utec-se-consolida-como-una-de-las-universidades-mas-recordadas-del-pais","status":"publish","type":"post","link":"https:\/\/lapalabra.utec.edu.sv\/index.php\/utec-se-consolida-como-una-de-las-universidades-mas-recordadas-del-pais\/","title":{"rendered":"UTEC se consolida como una de las universidades m\u00e1s recordadas del pa\u00eds"},"content":{"rendered":"\n<p class=\"has-text-color has-link-color wp-elements-8d3dd430e9b4c9d42deccf91512eab43\" style=\"color:#5a1533\"><strong>En el ranking universitario, conformado por diez posiciones a nivel nacional, la UTEC se consolida como una de las universidades con mayor recordaci\u00f3n en El Salvador.<\/strong><\/p>\n\n\n\n<p><em>Jonathan V\u00e1squez<br>La Palabra Universitaria<\/em><\/p>\n\n\n\n<p>La Universidad Tecnol\u00f3gica de El Salvador (UTEC) se ubic\u00f3 en el segundo lugar del Top of Mind universitario a nivel nacional, de acuerdo con los resultados del estudio <em>Top of Mind Centroam\u00e9rica 2026<\/em>, posicion\u00e1ndose entre las instituciones de educaci\u00f3n superior con mayor recordaci\u00f3n en la mente de los salvadore\u00f1os.<\/p>\n\n\n\n<p>El ranking universitario est\u00e1 conformado por diez posiciones a nivel nacional. En el primer lugar se encuentra la Universidad Centroamericana Jos\u00e9 Sime\u00f3n Ca\u00f1as (UCA), mientras que la UTEC ocupa la segunda posici\u00f3n. En el tercer lugar se posiciona la Universidad Don Bosco, seguida por otras instituciones de educaci\u00f3n superior del pa\u00eds.<\/p>\n\n\n\n<p>El estudio fue realizado en enero de 2026 y contempl\u00f3 un total de 2,156 encuestas en l\u00ednea autoaplicadas en la regi\u00f3n centroamericana. En El Salvador participaron 308 personas, con edades entre 18 y 60 a\u00f1os, y un margen de error promedio de 5.65 %, lo que respalda la confiabilidad de los resultados.<\/p>\n\n\n\n<p>Este posicionamiento refleja la presencia constante de la UTEC como marca educativa y su capacidad de conectar con la poblaci\u00f3n a trav\u00e9s de su oferta acad\u00e9mica y su comunicaci\u00f3n institucional.<\/p>\n\n\n\n<p>El ranking <em>Top of Mind Centroam\u00e9rica 2026<\/em>, elaborado por la revista <em>Estrategia &amp; Negocios<\/em>, mide la recordaci\u00f3n espont\u00e1nea de las marcas y reconoce a los protagonistas del mercadeo en El Salvador, responsables de las estrategias y acciones que fortalecen el posicionamiento de las marcas l\u00edderes en cada categor\u00eda.<\/p>\n\n\n\n<p>Al formar parte de las primeras posiciones de este ranking a nivel nacional, la UTEC reafirma su compromiso con la construcci\u00f3n de una marca s\u00f3lida, relevante y cercana, que permanece en la mente de los salvadore\u00f1os y se posiciona donde realmente importa.<\/p>\n\n\n\n<p><\/p>\n","protected":false},"excerpt":{"rendered":"<p>En el ranking universitario, conformado por diez posiciones a nivel nacional, la UTEC se consolida como una de las universidades con mayor recordaci\u00f3n en El Salvador. Jonathan V\u00e1squezLa Palabra Universitaria La Universidad Tecnol\u00f3gica de El Salvador (UTEC) se ubic\u00f3 en el segundo lugar del Top of Mind universitario a nivel nacional, de acuerdo con los&#8230;<\/p>\n","protected":false},"author":1,"featured_media":4734,"comment_status":"open","ping_status":"open","sticky":false,"template":"","format":"standard","meta":{"footnotes":""},"categories":[1],"tags":[],"class_list":["post-4733","post","type-post","status-publish","format-standard","has-post-thumbnail","hentry","category-campus-utec"],"_links":{"self":[{"href":"https:\/\/lapalabra.utec.edu.sv\/index.php\/wp-json\/wp\/v2\/posts\/4733","targetHints":{"allow":["GET"]}}],"collection":[{"href":"https:\/\/lapalabra.utec.edu.sv\/index.php\/wp-json\/wp\/v2\/posts"}],"about":[{"href":"https:\/\/lapalabra.utec.edu.sv\/index.php\/wp-json\/wp\/v2\/types\/post"}],"author":[{"embeddable":true,"href":"https:\/\/lapalabra.utec.edu.sv\/index.php\/wp-json\/wp\/v2\/users\/1"}],"replies":[{"embeddable":true,"href":"https:\/\/lapalabra.utec.edu.sv\/index.php\/wp-json\/wp\/v2\/comments?post=4733"}],"version-history":[{"count":1,"href":"https:\/\/lapalabra.utec.edu.sv\/index.php\/wp-json\/wp\/v2\/posts\/4733\/revisions"}],"predecessor-version":[{"id":4735,"href":"https:\/\/lapalabra.utec.edu.sv\/index.php\/wp-json\/wp\/v2\/posts\/4733\/revisions\/4735"}],"wp:featuredmedia":[{"embeddable":true,"href":"https:\/\/lapalabra.utec.edu.sv\/index.php\/wp-json\/wp\/v2\/media\/4734"}],"wp:attachment":[{"href":"https:\/\/lapalabra.utec.edu.sv\/index.php\/wp-json\/wp\/v2\/media?parent=4733"}],"wp:term":[{"taxonomy":"category","embeddable":true,"href":"https:\/\/lapalabra.utec.edu.sv\/index.php\/wp-json\/wp\/v2\/categories?post=4733"},{"taxonomy":"post_tag","embeddable":true,"href":"https:\/\/lapalabra.utec.edu.sv\/index.php\/wp-json\/wp\/v2\/tags?post=4733"}],"curies":[{"name":"wp","href":"https:\/\/api.w.org\/{rel}","templated":true}]}}