{"id":4726,"date":"2026-04-24T15:30:37","date_gmt":"2026-04-24T21:30:37","guid":{"rendered":"https:\/\/lapalabra.utec.edu.sv\/?p=4726"},"modified":"2026-04-24T15:30:37","modified_gmt":"2026-04-24T21:30:37","slug":"estudiantes-reflexionan-sobre-el-medioambiente-en-jornada-de-cine-sostenible","status":"publish","type":"post","link":"https:\/\/lapalabra.utec.edu.sv\/index.php\/estudiantes-reflexionan-sobre-el-medioambiente-en-jornada-de-cine-sostenible\/","title":{"rendered":"Estudiantes reflexionan sobre el medioambiente en jornada de cine sostenible"},"content":{"rendered":"\n<p class=\"has-text-color has-link-color wp-elements-0cdd195dc56797c4535b2241d0278ed3\" style=\"color:#5a1533\"><strong>La proyecci\u00f3n del largometraje <em>Flow<\/em> reuni\u00f3 a estudiantes de la Facultad de Ciencias Empresariales en una experiencia formativa orientada a reflexionar sobre la responsabilidad ambiental y el cuidado del planeta.<\/strong><\/p>\n\n\n\n<p><em>Jonathan V\u00e1squez<br>Fotograf\u00eda: William Mart\u00ednez<br>La Palabra Universitaria<\/em><\/p>\n\n\n\n<p>En el marco del D\u00eda Mundial de la Tierra, la Facultad de Ciencias Empresariales de la Universidad Tecnol\u00f3gica de El Salvador (UTEC), en coordinaci\u00f3n con el Programa de Sostenibilidad Ambiental UTEC Verde, desarroll\u00f3 la actividad <em>Cine Ambiental Sostenible<\/em>, una iniciativa que busca fortalecer la conciencia ecol\u00f3gica dentro de la comunidad universitaria.<\/p>\n\n\n\n<p>Durante la jornada se present\u00f3 el largometraje <em>Flow<\/em>, al que asistieron estudiantes de la facultad con el objetivo de sensibilizar y generar conciencia sobre la importancia del cuidado del medioambiente, utilizando el cine como una herramienta l\u00fadica y formativa que facilita la reflexi\u00f3n cr\u00edtica.<\/p>\n\n\n<div class=\"wp-block-image\">\n<figure class=\"alignright size-full\"><img loading=\"lazy\" decoding=\"async\" width=\"450\" height=\"300\" src=\"https:\/\/lapalabra.utec.edu.sv\/wp-content\/uploads\/2026\/04\/cine-ambiental2.jpg\" alt=\"\" class=\"wp-image-4728\" srcset=\"https:\/\/lapalabra.utec.edu.sv\/wp-content\/uploads\/2026\/04\/cine-ambiental2.jpg 450w, https:\/\/lapalabra.utec.edu.sv\/wp-content\/uploads\/2026\/04\/cine-ambiental2-300x200.jpg 300w\" sizes=\"auto, (max-width: 450px) 100vw, 450px\" \/><\/figure>\n<\/div>\n\n\n<p>La actividad propici\u00f3 un espacio de an\u00e1lisis y di\u00e1logo en torno a la responsabilidad individual y colectiva frente a los desaf\u00edos ambientales actuales. Asimismo, se destac\u00f3 la importancia de promover un impacto multiplicador de car\u00e1cter generacional, motivando a los participantes a replicar acciones de protecci\u00f3n ambiental tanto dentro como fuera del entorno universitario.<\/p>\n\n\n\n<p>Con este tipo de iniciativas, la UTEC reafirma su compromiso con la sostenibilidad ambiental y con la formaci\u00f3n integral de sus estudiantes, impulsando pr\u00e1cticas responsables que contribuyan al cuidado del planeta y al desarrollo de una cultura ambiental consciente.<\/p>\n","protected":false},"excerpt":{"rendered":"<p>La proyecci\u00f3n del largometraje Flow reuni\u00f3 a estudiantes de la Facultad de Ciencias Empresariales en una experiencia formativa orientada a reflexionar sobre la responsabilidad ambiental y el cuidado del planeta. Jonathan V\u00e1squezFotograf\u00eda: William Mart\u00ednezLa Palabra Universitaria En el marco del D\u00eda Mundial de la Tierra, la Facultad de Ciencias Empresariales de la Universidad Tecnol\u00f3gica de&#8230;<\/p>\n","protected":false},"author":1,"featured_media":4727,"comment_status":"open","ping_status":"open","sticky":false,"template":"","format":"standard","meta":{"footnotes":""},"categories":[1],"tags":[],"class_list":["post-4726","post","type-post","status-publish","format-standard","has-post-thumbnail","hentry","category-campus-utec"],"_links":{"self":[{"href":"https:\/\/lapalabra.utec.edu.sv\/index.php\/wp-json\/wp\/v2\/posts\/4726","targetHints":{"allow":["GET"]}}],"collection":[{"href":"https:\/\/lapalabra.utec.edu.sv\/index.php\/wp-json\/wp\/v2\/posts"}],"about":[{"href":"https:\/\/lapalabra.utec.edu.sv\/index.php\/wp-json\/wp\/v2\/types\/post"}],"author":[{"embeddable":true,"href":"https:\/\/lapalabra.utec.edu.sv\/index.php\/wp-json\/wp\/v2\/users\/1"}],"replies":[{"embeddable":true,"href":"https:\/\/lapalabra.utec.edu.sv\/index.php\/wp-json\/wp\/v2\/comments?post=4726"}],"version-history":[{"count":1,"href":"https:\/\/lapalabra.utec.edu.sv\/index.php\/wp-json\/wp\/v2\/posts\/4726\/revisions"}],"predecessor-version":[{"id":4729,"href":"https:\/\/lapalabra.utec.edu.sv\/index.php\/wp-json\/wp\/v2\/posts\/4726\/revisions\/4729"}],"wp:featuredmedia":[{"embeddable":true,"href":"https:\/\/lapalabra.utec.edu.sv\/index.php\/wp-json\/wp\/v2\/media\/4727"}],"wp:attachment":[{"href":"https:\/\/lapalabra.utec.edu.sv\/index.php\/wp-json\/wp\/v2\/media?parent=4726"}],"wp:term":[{"taxonomy":"category","embeddable":true,"href":"https:\/\/lapalabra.utec.edu.sv\/index.php\/wp-json\/wp\/v2\/categories?post=4726"},{"taxonomy":"post_tag","embeddable":true,"href":"https:\/\/lapalabra.utec.edu.sv\/index.php\/wp-json\/wp\/v2\/tags?post=4726"}],"curies":[{"name":"wp","href":"https:\/\/api.w.org\/{rel}","templated":true}]}}