{"id":4716,"date":"2026-04-24T11:57:58","date_gmt":"2026-04-24T17:57:58","guid":{"rendered":"https:\/\/lapalabra.utec.edu.sv\/?p=4716"},"modified":"2026-04-24T11:57:58","modified_gmt":"2026-04-24T17:57:58","slug":"estudiante-de-la-utec-representa-a-el-salvador-en-conversatorio-internacional-de-rr-pp","status":"publish","type":"post","link":"https:\/\/lapalabra.utec.edu.sv\/index.php\/estudiante-de-la-utec-representa-a-el-salvador-en-conversatorio-internacional-de-rr-pp\/","title":{"rendered":"Estudiante de la UTEC representa a El Salvador en conversatorio internacional de RR.PP."},"content":{"rendered":"\n<p class=\"has-text-color has-link-color wp-elements-87a3e08a9791dbb05a31d4e250e6dc6f\" style=\"color:#5a1533\"><strong>El encuentro virtual reuni\u00f3 a estudiantes de varios pa\u00edses de Am\u00e9rica Latina para reflexionar sobre la comunicaci\u00f3n como herramienta de di\u00e1logo, \u00e9tica e inclusi\u00f3n social, evidenciando el aporte acad\u00e9mico de la UTEC y el reconocimiento internacional a su representante salvadore\u00f1o.<\/strong><\/p>\n\n\n\n<p><em>Redacci\u00f3n: Jonathan V\u00e1squez<br>La Palabra Universitaria<\/em><\/p>\n\n\n\n<p>La Facultad de Ciencias Sociales de la Universidad Tecnol\u00f3gica de El Salvador (UTEC) particip\u00f3 en el Conversatorio Internacional entre Universitarios \u201cEl rol de los relacionistas p\u00fablicos de Am\u00e9rica Latina como mensajeros de paz\u201d, un espacio acad\u00e9mico que reuni\u00f3 a estudiantes de distintas universidades de la regi\u00f3n.<\/p>\n\n\n\n<p>El conversatorio fue organizado por la Confederaci\u00f3n Interamericana de Relaciones P\u00fablicas (CONFIARP) y la Asociaci\u00f3n de Profesionales de Relaciones P\u00fablicas de Panam\u00e1 (APREPPA), y se desarroll\u00f3 en modalidad virtual a trav\u00e9s de la plataforma Zoom, con la participaci\u00f3n de estudiantes universitarios de Comunicaci\u00f3n y Relaciones P\u00fablicas de diversos pa\u00edses de Am\u00e9rica Latina, entre ellos Panam\u00e1, M\u00e9xico y El Salvador.<\/p>\n\n\n\n<p>Durante la actividad, la UTEC estuvo representada por Walter Alfredo Portillo Serrato, egresado de la Licenciatura en Comunicaciones, quien destac\u00f3 por sus aportes y su intervenci\u00f3n basada en la realidad salvadore\u00f1a. Su participaci\u00f3n fue reconocida por la Dra. Xiomara Herrera, presidenta de CONFIARP, quien se\u00f1al\u00f3: \u201cWalter Serrato fue muy representativo, sobresaliente y un digno representante de la universidad y del pa\u00eds\u201d.<\/p>\n\n\n\n<p>El objetivo del conversatorio fue generar un espacio de reflexi\u00f3n e intercambio de ideas orientado a analizar el papel de los profesionales de las Relaciones P\u00fablicas en la promoci\u00f3n del di\u00e1logo, la convivencia y la construcci\u00f3n de paz en Am\u00e9rica Latina. En este marco, los participantes compartieron sus perspectivas sobre el rol del comunicador como mensajero de paz, coincidiendo en que la comunicaci\u00f3n es una herramienta clave para fomentar el entendimiento y la armon\u00eda social.<\/p>\n\n\n\n<p>Entre los principales temas abordados destacaron la construcci\u00f3n de di\u00e1logo en sociedades polarizadas, la \u00e9tica y los valores en la comunicaci\u00f3n, el rol de los j\u00f3venes comunicadores, la comunicaci\u00f3n para la inclusi\u00f3n social y las acciones concretas para promover la paz desde distintos \u00e1mbitos profesionales. Asimismo, se resalt\u00f3 la responsabilidad de los comunicadores de ejercer su labor con empat\u00eda, responsabilidad social y conciencia \u00e9tica.<\/p>\n\n\n\n<p>Desde la experiencia salvadore\u00f1a, se enfatiz\u00f3 la importancia de desarrollar una comunicaci\u00f3n que promueva la uni\u00f3n en contextos de diversidad de opiniones, as\u00ed como el papel de los j\u00f3venes como agentes de cambio en los entornos digitales, capaces de generar mensajes inclusivos y respetuosos.<\/p>\n","protected":false},"excerpt":{"rendered":"<p>El encuentro virtual reuni\u00f3 a estudiantes de varios pa\u00edses de Am\u00e9rica Latina para reflexionar sobre la comunicaci\u00f3n como herramienta de di\u00e1logo, \u00e9tica e inclusi\u00f3n social, evidenciando el aporte acad\u00e9mico de la UTEC y el reconocimiento internacional a su representante salvadore\u00f1o. Redacci\u00f3n: Jonathan V\u00e1squezLa Palabra Universitaria La Facultad de Ciencias Sociales de la Universidad Tecnol\u00f3gica de&#8230;<\/p>\n","protected":false},"author":1,"featured_media":4717,"comment_status":"open","ping_status":"open","sticky":false,"template":"","format":"standard","meta":{"footnotes":""},"categories":[9,1,7],"tags":[422,21,128,55,773],"class_list":["post-4716","post","type-post","status-publish","format-standard","has-post-thumbnail","hentry","category-ciencias-sociales","category-campus-utec","category-facultades","tag-conversatorio","tag-escuela-de-comunicaciones","tag-estudiantes","tag-facultad-de-ciencia-sociales","tag-relaciones-publicas-2"],"_links":{"self":[{"href":"https:\/\/lapalabra.utec.edu.sv\/index.php\/wp-json\/wp\/v2\/posts\/4716","targetHints":{"allow":["GET"]}}],"collection":[{"href":"https:\/\/lapalabra.utec.edu.sv\/index.php\/wp-json\/wp\/v2\/posts"}],"about":[{"href":"https:\/\/lapalabra.utec.edu.sv\/index.php\/wp-json\/wp\/v2\/types\/post"}],"author":[{"embeddable":true,"href":"https:\/\/lapalabra.utec.edu.sv\/index.php\/wp-json\/wp\/v2\/users\/1"}],"replies":[{"embeddable":true,"href":"https:\/\/lapalabra.utec.edu.sv\/index.php\/wp-json\/wp\/v2\/comments?post=4716"}],"version-history":[{"count":1,"href":"https:\/\/lapalabra.utec.edu.sv\/index.php\/wp-json\/wp\/v2\/posts\/4716\/revisions"}],"predecessor-version":[{"id":4718,"href":"https:\/\/lapalabra.utec.edu.sv\/index.php\/wp-json\/wp\/v2\/posts\/4716\/revisions\/4718"}],"wp:featuredmedia":[{"embeddable":true,"href":"https:\/\/lapalabra.utec.edu.sv\/index.php\/wp-json\/wp\/v2\/media\/4717"}],"wp:attachment":[{"href":"https:\/\/lapalabra.utec.edu.sv\/index.php\/wp-json\/wp\/v2\/media?parent=4716"}],"wp:term":[{"taxonomy":"category","embeddable":true,"href":"https:\/\/lapalabra.utec.edu.sv\/index.php\/wp-json\/wp\/v2\/categories?post=4716"},{"taxonomy":"post_tag","embeddable":true,"href":"https:\/\/lapalabra.utec.edu.sv\/index.php\/wp-json\/wp\/v2\/tags?post=4716"}],"curies":[{"name":"wp","href":"https:\/\/api.w.org\/{rel}","templated":true}]}}