{"id":4706,"date":"2026-04-24T10:41:47","date_gmt":"2026-04-24T16:41:47","guid":{"rendered":"https:\/\/lapalabra.utec.edu.sv\/?p=4706"},"modified":"2026-04-24T10:41:47","modified_gmt":"2026-04-24T16:41:47","slug":"docentes-de-ciencias-sociales-reciben-certificacion-en-evaluacion-de-investigaciones","status":"publish","type":"post","link":"https:\/\/lapalabra.utec.edu.sv\/index.php\/docentes-de-ciencias-sociales-reciben-certificacion-en-evaluacion-de-investigaciones\/","title":{"rendered":"Docentes de Ciencias Sociales reciben certificaci\u00f3n en evaluaci\u00f3n de investigaciones"},"content":{"rendered":"\n<p class=\"has-text-color has-link-color wp-elements-786697d79e8c1ddd04a5c397eb848848\" style=\"color:#5a1533\"><strong>Alrededor de 70 docentes recibieron su certificaci\u00f3n tras culminar un proceso formativo de 40 horas.<\/strong><\/p>\n\n\n\n<p><em>Redacci\u00f3n y fotograf\u00eda: Leonel Mart\u00ednez<br>La Palabra Universitaria<\/em><\/p>\n\n\n\n<p>La Universidad Tecnol\u00f3gica de El Salvador (UTEC), en conjunto con la Vicerrector\u00eda de Investigaci\u00f3n y Proyecci\u00f3n Social y su Direcci\u00f3n de Investigaciones, certific\u00f3 a alrededor de 70 docentes de la Facultad de Ciencias Sociales en \u201cCompetencias para el seguimiento y evaluaci\u00f3n de trabajos de investigaci\u00f3n\u201d.<\/p>\n\n\n\n<p>El prop\u00f3sito de este diplomado, seg\u00fan los organizadores, fue fortalecer las competencias para el seguimiento y la evaluaci\u00f3n de trabajos de investigaci\u00f3n.<\/p>\n\n\n\n<p>La vicerrectora de Investigaci\u00f3n y Proyecci\u00f3n Social, Noris L\u00f3pez, se\u00f1al\u00f3 que esta certificaci\u00f3n permitir\u00e1 a los docentes afianzar sus habilidades: \u201cQueremos que los docentes refuercen sus competencias para la evaluaci\u00f3n de los trabajos de investigaci\u00f3n que realizan los estudiantes\u201d, expres\u00f3.<\/p>\n\n\n<div class=\"wp-block-image\">\n<figure class=\"alignleft size-full\"><img loading=\"lazy\" decoding=\"async\" width=\"400\" height=\"280\" src=\"https:\/\/lapalabra.utec.edu.sv\/wp-content\/uploads\/2026\/04\/certificacion-investigacion2.jpg\" alt=\"\" class=\"wp-image-4708\" srcset=\"https:\/\/lapalabra.utec.edu.sv\/wp-content\/uploads\/2026\/04\/certificacion-investigacion2.jpg 400w, https:\/\/lapalabra.utec.edu.sv\/wp-content\/uploads\/2026\/04\/certificacion-investigacion2-300x210.jpg 300w\" sizes=\"auto, (max-width: 400px) 100vw, 400px\" \/><\/figure>\n<\/div>\n\n\n<p>Asimismo, destac\u00f3 que la realizaci\u00f3n de diplomados dirigidos al cuerpo docente forma parte de la filosof\u00eda institucional, siendo un elemento esencial para continuar la profesionalizaci\u00f3n de la planta acad\u00e9mica.<\/p>\n\n\n\n<p>El diplomado se desarroll\u00f3 en tres m\u00f3dulos: Introducci\u00f3n a la revisi\u00f3n cr\u00edtica; criterios metodol\u00f3gicos y coherencia interna para la argumentaci\u00f3n evaluativa; y acompa\u00f1amiento formativo y evaluaci\u00f3n integral. El programa tuvo una duraci\u00f3n de 40 horas en modalidad semipresencial.<\/p>\n\n\n\n<p>Este programa formativo, denominado \u201cCertificaci\u00f3n de evaluadores y asesores de procesos de investigaci\u00f3n\u201d, facilitar\u00e1 el trabajo acad\u00e9mico mediante el uso de recursos tecnol\u00f3gicos y contribuir\u00e1 al fortalecimiento de la cultura investigativa de la UTEC.<\/p>\n","protected":false},"excerpt":{"rendered":"<p>Alrededor de 70 docentes recibieron su certificaci\u00f3n tras culminar un proceso formativo de 40 horas. Redacci\u00f3n y fotograf\u00eda: Leonel Mart\u00ednezLa Palabra Universitaria La Universidad Tecnol\u00f3gica de El Salvador (UTEC), en conjunto con la Vicerrector\u00eda de Investigaci\u00f3n y Proyecci\u00f3n Social y su Direcci\u00f3n de Investigaciones, certific\u00f3 a alrededor de 70 docentes de la Facultad de Ciencias&#8230;<\/p>\n","protected":false},"author":1,"featured_media":4707,"comment_status":"open","ping_status":"open","sticky":false,"template":"","format":"standard","meta":{"footnotes":""},"categories":[2,9,1,7],"tags":[41,55,49],"class_list":["post-4706","post","type-post","status-publish","format-standard","has-post-thumbnail","hentry","category-capacitaciones-utec","category-ciencias-sociales","category-campus-utec","category-facultades","tag-docentes","tag-facultad-de-ciencia-sociales","tag-vicerrectoria-de-investigacion"],"_links":{"self":[{"href":"https:\/\/lapalabra.utec.edu.sv\/index.php\/wp-json\/wp\/v2\/posts\/4706","targetHints":{"allow":["GET"]}}],"collection":[{"href":"https:\/\/lapalabra.utec.edu.sv\/index.php\/wp-json\/wp\/v2\/posts"}],"about":[{"href":"https:\/\/lapalabra.utec.edu.sv\/index.php\/wp-json\/wp\/v2\/types\/post"}],"author":[{"embeddable":true,"href":"https:\/\/lapalabra.utec.edu.sv\/index.php\/wp-json\/wp\/v2\/users\/1"}],"replies":[{"embeddable":true,"href":"https:\/\/lapalabra.utec.edu.sv\/index.php\/wp-json\/wp\/v2\/comments?post=4706"}],"version-history":[{"count":1,"href":"https:\/\/lapalabra.utec.edu.sv\/index.php\/wp-json\/wp\/v2\/posts\/4706\/revisions"}],"predecessor-version":[{"id":4709,"href":"https:\/\/lapalabra.utec.edu.sv\/index.php\/wp-json\/wp\/v2\/posts\/4706\/revisions\/4709"}],"wp:featuredmedia":[{"embeddable":true,"href":"https:\/\/lapalabra.utec.edu.sv\/index.php\/wp-json\/wp\/v2\/media\/4707"}],"wp:attachment":[{"href":"https:\/\/lapalabra.utec.edu.sv\/index.php\/wp-json\/wp\/v2\/media?parent=4706"}],"wp:term":[{"taxonomy":"category","embeddable":true,"href":"https:\/\/lapalabra.utec.edu.sv\/index.php\/wp-json\/wp\/v2\/categories?post=4706"},{"taxonomy":"post_tag","embeddable":true,"href":"https:\/\/lapalabra.utec.edu.sv\/index.php\/wp-json\/wp\/v2\/tags?post=4706"}],"curies":[{"name":"wp","href":"https:\/\/api.w.org\/{rel}","templated":true}]}}