{"id":4569,"date":"2026-03-13T14:31:33","date_gmt":"2026-03-13T20:31:33","guid":{"rendered":"https:\/\/lapalabra.utec.edu.sv\/?p=4569"},"modified":"2026-03-13T14:34:50","modified_gmt":"2026-03-13T20:34:50","slug":"presentadora-de-tcs-brinda-conferencia-sobre-la-huella-de-la-mujer-en-la-television","status":"publish","type":"post","link":"https:\/\/lapalabra.utec.edu.sv\/index.php\/presentadora-de-tcs-brinda-conferencia-sobre-la-huella-de-la-mujer-en-la-television\/","title":{"rendered":"Presentadora de TCS brinda conferencia sobre la huella de la mujer en la televisi\u00f3n"},"content":{"rendered":"\n<p class=\"has-text-color has-link-color wp-elements-9946340c71e30afb94a22afea0c93bfc\" style=\"color:#5a1533\"><strong>El papel transformador de las mujeres en la televisi\u00f3n salvadore\u00f1a y los desaf\u00edos que enfrentan en su camino hacia el liderazgo comunicacional.<\/strong><\/p>\n\n\n\n<p>Redacci\u00f3n: Andrea Pe\u00f1ate<br>Fotograf\u00edas: William Mart\u00ednez<br>La Palabra Universitaria<\/p>\n\n\n\n<p>En el marco del D\u00eda Internacional de la Mujer, la Escuela de Comunicaciones de la Universidad Tecnol\u00f3gica de El Salvador (UTEC) realiz\u00f3 el conversatorio <strong>\u201cDetr\u00e1s y delante de c\u00e1mara: la huella de la mujer en la televisi\u00f3n\u201d<\/strong>, con la participaci\u00f3n de la periodista salvadore\u00f1a <strong>Eva Velasco<\/strong>, actual presentadora de <em>El Noticiero<\/em> en Canal 6 de Telecorporaci\u00f3n Salvadore\u00f1a (TCS) y jefa de prensa de Noticias 4Visi\u00f3n.<\/p>\n\n\n\n<p>Durante la actividad, la comunicadora comparti\u00f3 con estudiantes y docentes parte de su trayectoria profesional, as\u00ed como reflexiones sobre los retos y aportes de las mujeres en el periodismo televisivo.<\/p>\n\n\n\n<p>Velasco enfatiz\u00f3 que el principal desaf\u00edo actual no es \u00fanicamente demostrar capacidad, sino mantener la disciplina y el compromiso profesional, independientemente del g\u00e9nero.<\/p>\n\n\n\n<blockquote class=\"wp-block-quote is-layout-flow wp-block-quote-is-layout-flow\">\n<p>\u201cNo estamos hablando de si sos mujer u hombre; estamos hablando de si eres una persona que se ha preparado\u2026 y tus resultados lo demuestran\u201d, afirm\u00f3 la periodista.<\/p>\n<\/blockquote>\n\n\n<div class=\"wp-block-image\">\n<figure class=\"alignright size-full\"><img loading=\"lazy\" decoding=\"async\" width=\"400\" height=\"269\" src=\"https:\/\/lapalabra.utec.edu.sv\/wp-content\/uploads\/2026\/03\/eva-velasco.jpg\" alt=\"\" class=\"wp-image-4572\" srcset=\"https:\/\/lapalabra.utec.edu.sv\/wp-content\/uploads\/2026\/03\/eva-velasco.jpg 400w, https:\/\/lapalabra.utec.edu.sv\/wp-content\/uploads\/2026\/03\/eva-velasco-300x202.jpg 300w\" sizes=\"auto, (max-width: 400px) 100vw, 400px\" \/><\/figure>\n<\/div>\n\n\n<p>Asimismo, destac\u00f3 que en medios como Telecorporaci\u00f3n Salvadore\u00f1a (TCS) la presencia femenina en puestos de liderazgo es una realidad. Se\u00f1al\u00f3 que el equipo de periodistas de Canal 6 est\u00e1 conformado actualmente en su totalidad por mujeres, incluida la jefatura de prensa.<\/p>\n\n\n\n<p>M\u00e1s all\u00e1 del \u00e9xito t\u00e9cnico, el conversatorio tambi\u00e9n subray\u00f3 la importancia de la \u00e9tica profesional. En ese sentido, se hizo un llamado a los futuros comunicadores a no ver su t\u00edtulo \u00fanicamente como una herramienta de beneficio personal, sino como un instrumento de servicio para la sociedad salvadore\u00f1a.<\/p>\n\n\n\n<p>Con este tipo de espacios, la universidad reafirma su compromiso de formar profesionales integrales que, adem\u00e1s de dominar el conocimiento cient\u00edfico y tecnol\u00f3gico, mantengan la calidad humana y la responsabilidad social como ejes fundamentales de su labor informativa.<\/p>\n","protected":false},"excerpt":{"rendered":"<p>El papel transformador de las mujeres en la televisi\u00f3n salvadore\u00f1a y los desaf\u00edos que enfrentan en su camino hacia el liderazgo comunicacional. Redacci\u00f3n: Andrea Pe\u00f1ateFotograf\u00edas: William Mart\u00ednezLa Palabra Universitaria En el marco del D\u00eda Internacional de la Mujer, la Escuela de Comunicaciones de la Universidad Tecnol\u00f3gica de El Salvador (UTEC) realiz\u00f3 el conversatorio \u201cDetr\u00e1s y&#8230;<\/p>\n","protected":false},"author":1,"featured_media":4571,"comment_status":"open","ping_status":"open","sticky":false,"template":"","format":"standard","meta":{"footnotes":""},"categories":[9,1,7],"tags":[624,21,55,45],"class_list":["post-4569","post","type-post","status-publish","format-standard","has-post-thumbnail","hentry","category-ciencias-sociales","category-campus-utec","category-facultades","tag-dia-de-la-mujer","tag-escuela-de-comunicaciones","tag-facultad-de-ciencia-sociales","tag-periodista"],"_links":{"self":[{"href":"https:\/\/lapalabra.utec.edu.sv\/index.php\/wp-json\/wp\/v2\/posts\/4569","targetHints":{"allow":["GET"]}}],"collection":[{"href":"https:\/\/lapalabra.utec.edu.sv\/index.php\/wp-json\/wp\/v2\/posts"}],"about":[{"href":"https:\/\/lapalabra.utec.edu.sv\/index.php\/wp-json\/wp\/v2\/types\/post"}],"author":[{"embeddable":true,"href":"https:\/\/lapalabra.utec.edu.sv\/index.php\/wp-json\/wp\/v2\/users\/1"}],"replies":[{"embeddable":true,"href":"https:\/\/lapalabra.utec.edu.sv\/index.php\/wp-json\/wp\/v2\/comments?post=4569"}],"version-history":[{"count":2,"href":"https:\/\/lapalabra.utec.edu.sv\/index.php\/wp-json\/wp\/v2\/posts\/4569\/revisions"}],"predecessor-version":[{"id":4573,"href":"https:\/\/lapalabra.utec.edu.sv\/index.php\/wp-json\/wp\/v2\/posts\/4569\/revisions\/4573"}],"wp:featuredmedia":[{"embeddable":true,"href":"https:\/\/lapalabra.utec.edu.sv\/index.php\/wp-json\/wp\/v2\/media\/4571"}],"wp:attachment":[{"href":"https:\/\/lapalabra.utec.edu.sv\/index.php\/wp-json\/wp\/v2\/media?parent=4569"}],"wp:term":[{"taxonomy":"category","embeddable":true,"href":"https:\/\/lapalabra.utec.edu.sv\/index.php\/wp-json\/wp\/v2\/categories?post=4569"},{"taxonomy":"post_tag","embeddable":true,"href":"https:\/\/lapalabra.utec.edu.sv\/index.php\/wp-json\/wp\/v2\/tags?post=4569"}],"curies":[{"name":"wp","href":"https:\/\/api.w.org\/{rel}","templated":true}]}}