{"id":4502,"date":"2026-02-20T16:11:08","date_gmt":"2026-02-20T22:11:08","guid":{"rendered":"https:\/\/lapalabra.utec.edu.sv\/?p=4502"},"modified":"2026-02-27T17:21:56","modified_gmt":"2026-02-27T23:21:56","slug":"docentes-reciben-capacitacion-sobre-proyeccion-social","status":"publish","type":"post","link":"https:\/\/lapalabra.utec.edu.sv\/index.php\/docentes-reciben-capacitacion-sobre-proyeccion-social\/","title":{"rendered":"Docentes reciben capacitaci\u00f3n sobre Proyecci\u00f3n Social"},"content":{"rendered":"\n<p class=\"has-text-color has-link-color wp-elements-caff2cd9d12898899a6deeaa3d83633c\" style=\"color:#5a1533\"><strong>La capacitaci\u00f3n reforz\u00f3 los lineamientos de la Proyecci\u00f3n Social en concordancia con los criterios de la Comisi\u00f3n de Acreditaci\u00f3n de la Calidad de la Educaci\u00f3n Superior (CdA)<\/strong>.<\/p>\n\n\n\n<p><em>Redacci\u00f3n y fotograf\u00eda: Leonel Mart\u00ednez<br>La Palabra Universitaria<\/em><\/p>\n\n\n\n<p>La <strong>Universidad Tecnol\u00f3gica de El Salvador (UTEC)<\/strong>, a trav\u00e9s de su <strong>Vicerrector\u00eda de Investigaci\u00f3n y Proyecci\u00f3n Social<\/strong> y la <strong>Direcci\u00f3n de Proyecci\u00f3n Social<\/strong>, desarroll\u00f3 una jornada de capacitaci\u00f3n dirigida a docentes, con el objetivo de fortalecer sus competencias en la formulaci\u00f3n y ejecuci\u00f3n de proyectos comunitarios.<\/p>\n\n\n\n<p>La actividad tuvo como prop\u00f3sito reforzar los lineamientos institucionales de la <strong>Proyecci\u00f3n Social<\/strong> y la <strong>Responsabilidad Social Universitaria (RSU)<\/strong>, en articulaci\u00f3n con los criterios establecidos por la <strong>Comisi\u00f3n de Acreditaci\u00f3n de la Calidad de la Educaci\u00f3n Superior (CdA)<\/strong>, organismo responsable de evaluar y validar la calidad de las universidades del pa\u00eds.<\/p>\n\n\n\n<p><strong>Carlos Mart\u00ednez<\/strong>, coordinador de Proyecci\u00f3n Social, lider\u00f3 la capacitaci\u00f3n y explic\u00f3 que la UTEC se encuentra actualmente en proceso de reacreditaci\u00f3n institucional. \u201cEs la quinta reacreditaci\u00f3n, y por ello la Proyecci\u00f3n Social debe estar alineada con los criterios y lineamientos de la CdA\u201d, se\u00f1al\u00f3.<\/p>\n\n\n\n<p>En ese mismo contexto, la vicerrectora de Investigaci\u00f3n y Proyecci\u00f3n Social, <strong>Noris L\u00f3pez<\/strong>, destac\u00f3 que la instituci\u00f3n apuesta por la mejora continua mediante la integraci\u00f3n de sus funciones sustantivas. \u201cLa Ley de Educaci\u00f3n Superior establece que las funciones sustantivas son la docencia, la investigaci\u00f3n y la proyecci\u00f3n social. Estas tres funciones est\u00e1n interconectadas y no se puede desarrollar una sin la otra; ese es el esp\u00edritu de la ley\u201d, explic\u00f3.<\/p>\n\n\n\n<p>Asimismo, la vicerrectora subray\u00f3 que la UTEC cuenta con m\u00e1s de 20 a\u00f1os de experiencia en procesos de mejora constante y que actualmente se prepara para su quinta certificaci\u00f3n de calidad. \u201cEse legado fundacional est\u00e1 reflejado en nuestra visi\u00f3n: ser reconocidos como la instituci\u00f3n l\u00edder en innovaci\u00f3n educativa, promoviendo oportunidades para amplios sectores poblacionales y formando profesionales integrales comprometidos con el desarrollo de la sociedad\u201d, afirm\u00f3.<\/p>\n\n\n\n<p>El espacio formativo tambi\u00e9n enfatiz\u00f3 la importancia de evaluar los cambios y resultados generados tras la implementaci\u00f3n de cada proyecto de Proyecci\u00f3n Social, resaltando el rol del docente como gu\u00eda y l\u00edder de iniciativas de alto impacto, en coordinaci\u00f3n con el voluntariado estudiantil.<\/p>\n","protected":false},"excerpt":{"rendered":"<p>La capacitaci\u00f3n reforz\u00f3 los lineamientos de la Proyecci\u00f3n Social en concordancia con los criterios de la Comisi\u00f3n de Acreditaci\u00f3n de la Calidad de la Educaci\u00f3n Superior (CdA). Redacci\u00f3n y fotograf\u00eda: Leonel Mart\u00ednezLa Palabra Universitaria La Universidad Tecnol\u00f3gica de El Salvador (UTEC), a trav\u00e9s de su Vicerrector\u00eda de Investigaci\u00f3n y Proyecci\u00f3n Social y la Direcci\u00f3n de&#8230;<\/p>\n","protected":false},"author":1,"featured_media":4503,"comment_status":"open","ping_status":"open","sticky":false,"template":"","format":"standard","meta":{"footnotes":""},"categories":[1],"tags":[41,50],"class_list":["post-4502","post","type-post","status-publish","format-standard","has-post-thumbnail","hentry","category-campus-utec","tag-docentes","tag-proyeccion-social"],"_links":{"self":[{"href":"https:\/\/lapalabra.utec.edu.sv\/index.php\/wp-json\/wp\/v2\/posts\/4502","targetHints":{"allow":["GET"]}}],"collection":[{"href":"https:\/\/lapalabra.utec.edu.sv\/index.php\/wp-json\/wp\/v2\/posts"}],"about":[{"href":"https:\/\/lapalabra.utec.edu.sv\/index.php\/wp-json\/wp\/v2\/types\/post"}],"author":[{"embeddable":true,"href":"https:\/\/lapalabra.utec.edu.sv\/index.php\/wp-json\/wp\/v2\/users\/1"}],"replies":[{"embeddable":true,"href":"https:\/\/lapalabra.utec.edu.sv\/index.php\/wp-json\/wp\/v2\/comments?post=4502"}],"version-history":[{"count":1,"href":"https:\/\/lapalabra.utec.edu.sv\/index.php\/wp-json\/wp\/v2\/posts\/4502\/revisions"}],"predecessor-version":[{"id":4504,"href":"https:\/\/lapalabra.utec.edu.sv\/index.php\/wp-json\/wp\/v2\/posts\/4502\/revisions\/4504"}],"wp:featuredmedia":[{"embeddable":true,"href":"https:\/\/lapalabra.utec.edu.sv\/index.php\/wp-json\/wp\/v2\/media\/4503"}],"wp:attachment":[{"href":"https:\/\/lapalabra.utec.edu.sv\/index.php\/wp-json\/wp\/v2\/media?parent=4502"}],"wp:term":[{"taxonomy":"category","embeddable":true,"href":"https:\/\/lapalabra.utec.edu.sv\/index.php\/wp-json\/wp\/v2\/categories?post=4502"},{"taxonomy":"post_tag","embeddable":true,"href":"https:\/\/lapalabra.utec.edu.sv\/index.php\/wp-json\/wp\/v2\/tags?post=4502"}],"curies":[{"name":"wp","href":"https:\/\/api.w.org\/{rel}","templated":true}]}}