{"id":4494,"date":"2026-02-20T15:48:34","date_gmt":"2026-02-20T21:48:34","guid":{"rendered":"https:\/\/lapalabra.utec.edu.sv\/?p=4494"},"modified":"2026-02-20T15:53:09","modified_gmt":"2026-02-20T21:53:09","slug":"utec-refuerza-vinculacion-con-instituciones-de-educacion-media","status":"publish","type":"post","link":"https:\/\/lapalabra.utec.edu.sv\/index.php\/utec-refuerza-vinculacion-con-instituciones-de-educacion-media\/","title":{"rendered":"UTEC refuerza vinculaci\u00f3n con instituciones de educaci\u00f3n media"},"content":{"rendered":"\n<p class=\"has-text-color has-link-color wp-elements-c1b0c4c71db38dc7e70c6c8f41abacd4\" style=\"color:#5a1533\"><strong>La actividad permiti\u00f3 presentar avances institucionales y resultados del trabajo conjunto, adem\u00e1s de fortalecer la relaci\u00f3n entre la universidad y la Red de Instituciones de Educaci\u00f3n Media.<\/strong><\/p>\n\n\n\n<p><em>Redacci\u00f3n y fotograf\u00eda: Jonathan V\u00e1squez<br>La Palabra Universitaria<\/em><\/p>\n\n\n\n<p>La <strong>Universidad Tecnol\u00f3gica de El Salvador (UTEC)<\/strong>, a trav\u00e9s de su <strong>Red de Instituciones de Educaci\u00f3n Media<\/strong>, llev\u00f3 a cabo su <strong>Desayuno Anual<\/strong>, un espacio orientado a consolidar las alianzas acad\u00e9micas con los centros educativos que forman parte de esta red. <\/p>\n\n\n\n<p>La actividad reuni\u00f3 a representantes de diversas instituciones con el prop\u00f3sito de fortalecer la interacci\u00f3n interinstitucional, promover el intercambio de experiencias y reafirmar los compromisos de cooperaci\u00f3n educativa.<\/p>\n\n\n\n<p>El evento cont\u00f3 con la presencia del rector acad\u00e9mico, <strong>Nelson Z\u00e1rate<\/strong>; del vicerrector, <strong>Jos\u00e9 Modesto Ventura<\/strong>; y de la vicerrectora de Investigaci\u00f3n, <strong>Noris L\u00f3pez Guevara<\/strong>, cuya participaci\u00f3n reafirm\u00f3 la relevancia de la articulaci\u00f3n entre la educaci\u00f3n media y la educaci\u00f3n superior para ampliar las oportunidades de formaci\u00f3n, orientaci\u00f3n y acompa\u00f1amiento dirigidas a los futuros estudiantes universitarios.<\/p>\n\n\n\n<p><strong>Programa Cultural<\/strong><\/p>\n\n\n<div class=\"wp-block-image\">\n<figure class=\"alignright size-full\"><img loading=\"lazy\" decoding=\"async\" width=\"450\" height=\"300\" src=\"https:\/\/lapalabra.utec.edu.sv\/wp-content\/uploads\/2026\/02\/edumedia.jpg\" alt=\"\" class=\"wp-image-4496\" srcset=\"https:\/\/lapalabra.utec.edu.sv\/wp-content\/uploads\/2026\/02\/edumedia.jpg 450w, https:\/\/lapalabra.utec.edu.sv\/wp-content\/uploads\/2026\/02\/edumedia-300x200.jpg 300w\" sizes=\"auto, (max-width: 450px) 100vw, 450px\" \/><\/figure>\n<\/div>\n\n\n<p>En el marco del encuentro, se present\u00f3 el <strong>Programa de Transformaci\u00f3n Cultural de la UTEC<\/strong>, una iniciativa institucional orientada al fortalecimiento de la identidad universitaria, la innovaci\u00f3n y la consolidaci\u00f3n de una cultura organizacional centrada en la mejora continua. Esta exposici\u00f3n permiti\u00f3 contextualizar las acciones que la universidad impulsa para promover entornos formativos pertinentes y alineados con las demandas contempor\u00e1neas de la educaci\u00f3n superior.<\/p>\n\n\n\n<p>Asimismo, se dedic\u00f3 un espacio para invitar a los centros educativos a participar en las actividades del <strong>Museo Universitario de Antropolog\u00eda (MUA)<\/strong>, destacando el valor pedag\u00f3gico del museo como recurso para el aprendizaje. Tambi\u00e9n se presentaron los resultados de las actividades desarrolladas en conjunto con las instituciones de la red durante el a\u00f1o 2025, as\u00ed como las l\u00edneas de trabajo, proyectos y proyecciones previstas para el a\u00f1o 2026.<\/p>\n\n\n\n<p>Entre los aspectos abordados sobresalieron los avances en acompa\u00f1amiento acad\u00e9mico, participaci\u00f3n estudiantil y el desarrollo de iniciativas colaborativas orientadas al fortalecimiento de competencias educativas y vocacionales.<\/p>\n\n\n\n<p>La actividad concluy\u00f3 con una rifa dirigida a los asistentes, concebida como un momento de convivencia y agradecimiento por la participaci\u00f3n de las instituciones, reafirmando el compromiso de la UTEC de mantener un di\u00e1logo continuo y una colaboraci\u00f3n estrat\u00e9gica con la educaci\u00f3n media del pa\u00eds.<\/p>\n","protected":false},"excerpt":{"rendered":"<p>La actividad permiti\u00f3 presentar avances institucionales y resultados del trabajo conjunto, adem\u00e1s de fortalecer la relaci\u00f3n entre la universidad y la Red de Instituciones de Educaci\u00f3n Media. Redacci\u00f3n y fotograf\u00eda: Jonathan V\u00e1squezLa Palabra Universitaria La Universidad Tecnol\u00f3gica de El Salvador (UTEC), a trav\u00e9s de su Red de Instituciones de Educaci\u00f3n Media, llev\u00f3 a cabo su&#8230;<\/p>\n","protected":false},"author":1,"featured_media":4495,"comment_status":"open","ping_status":"open","sticky":false,"template":"","format":"standard","meta":{"footnotes":""},"categories":[1,6],"tags":[41,23,25],"class_list":["post-4494","post","type-post","status-publish","format-standard","has-post-thumbnail","hentry","category-campus-utec","category-en-la-academia","tag-docentes","tag-educacion-media","tag-red-de-colegios"],"_links":{"self":[{"href":"https:\/\/lapalabra.utec.edu.sv\/index.php\/wp-json\/wp\/v2\/posts\/4494","targetHints":{"allow":["GET"]}}],"collection":[{"href":"https:\/\/lapalabra.utec.edu.sv\/index.php\/wp-json\/wp\/v2\/posts"}],"about":[{"href":"https:\/\/lapalabra.utec.edu.sv\/index.php\/wp-json\/wp\/v2\/types\/post"}],"author":[{"embeddable":true,"href":"https:\/\/lapalabra.utec.edu.sv\/index.php\/wp-json\/wp\/v2\/users\/1"}],"replies":[{"embeddable":true,"href":"https:\/\/lapalabra.utec.edu.sv\/index.php\/wp-json\/wp\/v2\/comments?post=4494"}],"version-history":[{"count":1,"href":"https:\/\/lapalabra.utec.edu.sv\/index.php\/wp-json\/wp\/v2\/posts\/4494\/revisions"}],"predecessor-version":[{"id":4497,"href":"https:\/\/lapalabra.utec.edu.sv\/index.php\/wp-json\/wp\/v2\/posts\/4494\/revisions\/4497"}],"wp:featuredmedia":[{"embeddable":true,"href":"https:\/\/lapalabra.utec.edu.sv\/index.php\/wp-json\/wp\/v2\/media\/4495"}],"wp:attachment":[{"href":"https:\/\/lapalabra.utec.edu.sv\/index.php\/wp-json\/wp\/v2\/media?parent=4494"}],"wp:term":[{"taxonomy":"category","embeddable":true,"href":"https:\/\/lapalabra.utec.edu.sv\/index.php\/wp-json\/wp\/v2\/categories?post=4494"},{"taxonomy":"post_tag","embeddable":true,"href":"https:\/\/lapalabra.utec.edu.sv\/index.php\/wp-json\/wp\/v2\/tags?post=4494"}],"curies":[{"name":"wp","href":"https:\/\/api.w.org\/{rel}","templated":true}]}}