{"id":4359,"date":"2026-01-16T11:12:14","date_gmt":"2026-01-16T17:12:14","guid":{"rendered":"https:\/\/lapalabra.utec.edu.sv\/?p=4359"},"modified":"2026-01-16T11:12:14","modified_gmt":"2026-01-16T17:12:14","slug":"utec-sostiene-reunion-para-fortalecer-la-proyeccion-social-en-santiago-texacuangos","status":"publish","type":"post","link":"https:\/\/lapalabra.utec.edu.sv\/index.php\/utec-sostiene-reunion-para-fortalecer-la-proyeccion-social-en-santiago-texacuangos\/","title":{"rendered":"UTEC sostiene reuni\u00f3n para fortalecer la proyecci\u00f3n social en Santiago Texacuangos"},"content":{"rendered":"\n<p class=\"has-text-color has-link-color wp-elements-b25c0c5d71e0e15fa9aa75e73b7c8f70\" style=\"color:#5a1533\"><strong>Docentes de la Facultad de Ciencias Sociales presentan iniciativas comunitarias orientadas a fortalecer la educaci\u00f3n, la cultura, el turismo y el bienestar psicol\u00f3gico en el distrito durante el ciclo 01-2026.<\/strong><\/p>\n\n\n\n<p><em>Redacci\u00f3n y fotograf\u00eda: Jonathan V\u00e1squez<br>La Palabra Universitaria<\/em><\/p>\n\n\n\n<p>La Facultad de Ciencias Sociales de la Universidad Tecnol\u00f3gica de El Salvador (UTEC) sostuvo una reuni\u00f3n con representantes de la Alcald\u00eda de San Salvador Sur, distrito de Santiago Texacuangos, con el objetivo de presentar los proyectos de proyecci\u00f3n social que se ejecutar\u00e1n durante el ciclo acad\u00e9mico 01-2026.<\/p>\n\n\n\n<p>En el encuentro participaron docentes de la Escuela de Idiomas, Escuela de Comunicaciones, Escuela de Psicolog\u00eda, Escuela de Antropolog\u00eda y de la C\u00e1tedra de G\u00e9nero, quienes expusieron diversas iniciativas orientadas a beneficiar directamente a la poblaci\u00f3n del distrito.<\/p>\n\n\n\n<p>Entre los proyectos destacados se encuentra la creaci\u00f3n de una revista tur\u00edstica y cultural para promover los atractivos locales de Santiago Texacuangos, as\u00ed como programas de control de lectura, atenci\u00f3n psicol\u00f3gica comunitaria, clases de ingl\u00e9s y otras actividades formativas de impacto social.<\/p>\n\n\n\n<p>Estas acciones buscan fortalecer \u00e1reas clave como la educaci\u00f3n, la salud mental, el turismo local y el desarrollo comunitario, mediante la implementaci\u00f3n de estrategias innovadoras y participativas.<\/p>\n\n\n\n<p>Los proyectos son liderados por docentes de la Facultad de Ciencias Sociales y cuentan con el apoyo activo de estudiantes, quienes aportan su talento, compromiso y vocaci\u00f3n de servicio al trabajo comunitario.<\/p>\n","protected":false},"excerpt":{"rendered":"<p>Docentes de la Facultad de Ciencias Sociales presentan iniciativas comunitarias orientadas a fortalecer la educaci\u00f3n, la cultura, el turismo y el bienestar psicol\u00f3gico en el distrito durante el ciclo 01-2026. Redacci\u00f3n y fotograf\u00eda: Jonathan V\u00e1squezLa Palabra Universitaria La Facultad de Ciencias Sociales de la Universidad Tecnol\u00f3gica de El Salvador (UTEC) sostuvo una reuni\u00f3n con representantes&#8230;<\/p>\n","protected":false},"author":1,"featured_media":4360,"comment_status":"open","ping_status":"open","sticky":false,"template":"","format":"standard","meta":{"footnotes":""},"categories":[9,1,7,14],"tags":[55,50,590],"class_list":["post-4359","post","type-post","status-publish","format-standard","has-post-thumbnail","hentry","category-ciencias-sociales","category-campus-utec","category-facultades","category-proyeccion-social","tag-facultad-de-ciencia-sociales","tag-proyeccion-social","tag-santiago-texacuangos"],"_links":{"self":[{"href":"https:\/\/lapalabra.utec.edu.sv\/index.php\/wp-json\/wp\/v2\/posts\/4359","targetHints":{"allow":["GET"]}}],"collection":[{"href":"https:\/\/lapalabra.utec.edu.sv\/index.php\/wp-json\/wp\/v2\/posts"}],"about":[{"href":"https:\/\/lapalabra.utec.edu.sv\/index.php\/wp-json\/wp\/v2\/types\/post"}],"author":[{"embeddable":true,"href":"https:\/\/lapalabra.utec.edu.sv\/index.php\/wp-json\/wp\/v2\/users\/1"}],"replies":[{"embeddable":true,"href":"https:\/\/lapalabra.utec.edu.sv\/index.php\/wp-json\/wp\/v2\/comments?post=4359"}],"version-history":[{"count":1,"href":"https:\/\/lapalabra.utec.edu.sv\/index.php\/wp-json\/wp\/v2\/posts\/4359\/revisions"}],"predecessor-version":[{"id":4361,"href":"https:\/\/lapalabra.utec.edu.sv\/index.php\/wp-json\/wp\/v2\/posts\/4359\/revisions\/4361"}],"wp:featuredmedia":[{"embeddable":true,"href":"https:\/\/lapalabra.utec.edu.sv\/index.php\/wp-json\/wp\/v2\/media\/4360"}],"wp:attachment":[{"href":"https:\/\/lapalabra.utec.edu.sv\/index.php\/wp-json\/wp\/v2\/media?parent=4359"}],"wp:term":[{"taxonomy":"category","embeddable":true,"href":"https:\/\/lapalabra.utec.edu.sv\/index.php\/wp-json\/wp\/v2\/categories?post=4359"},{"taxonomy":"post_tag","embeddable":true,"href":"https:\/\/lapalabra.utec.edu.sv\/index.php\/wp-json\/wp\/v2\/tags?post=4359"}],"curies":[{"name":"wp","href":"https:\/\/api.w.org\/{rel}","templated":true}]}}