{"id":427,"date":"2023-07-28T13:30:00","date_gmt":"2023-07-28T19:30:00","guid":{"rendered":"https:\/\/palabra.utec.edu.sv\/?p=427"},"modified":"2023-07-30T14:05:20","modified_gmt":"2023-07-30T20:05:20","slug":"imparten-diplomado-en-marketing-educativo-a-profesores-de-educacion-media","status":"publish","type":"post","link":"https:\/\/lapalabra.utec.edu.sv\/index.php\/imparten-diplomado-en-marketing-educativo-a-profesores-de-educacion-media\/","title":{"rendered":"Imparten diplomado en marketing educativo a profesores de educaci\u00f3n media"},"content":{"rendered":"\n<p class=\"has-text-color\" style=\"color:#5a1533\"><strong>La capacitaci\u00f3n se imparte en una de las aulas del campus de la Utec, y los participantes son profesionales de la docencia de diversos centros educativos de educaci\u00f3n media.<\/strong><\/p>\n\n\n\n<p><em>Wilber Corpe\u00f1o<br>Fotos: Alexander Morales<br>La Palabra Universitaria<\/em><\/p>\n\n\n\n<p>Sobre el marketing educativo y sus t\u00e9cnicas se enfoca un diplomado especializado que se imparte a un grupo de profesionales de la docencia de diversos centros educativos, que son parte de la red de instituciones de educaci\u00f3n media de la Universidad Tecnol\u00f3gica de El Salvador (Utec).<\/p>\n\n\n\n<p>En ese sentido, el proyecto formativo est\u00e1 dirigido de manera especial para directores, subdirectores, coordinadores y docentes de educaci\u00f3n media de instituciones educativas p\u00fablicas y privadas.<\/p>\n\n\n\n<p><strong>Esta iniciativa es impulsada desde la unidad de nuevo ingreso de la Utec, la cual es parte de las acciones estrat\u00e9gicas que la universidad impulsa con las instituciones de la mencionada red<\/strong>, con la finalidad de desarrollar habilidades t\u00e9cnicas de atenci\u00f3n y servicio al cliente, en los docentes de educaci\u00f3n media para atender y tratar a los estudiantes y padres de familia en las instituciones educativas.<\/p>\n\n\n\n<p>Y es que seg\u00fan destacan los organizadores, este diplomado se traza otros objetivos como conocer las t\u00e9cnicas de atenci\u00f3n al cliente, analizar la aplicabilidad de las t\u00e9cnicas de atenci\u00f3n y servicio al cliente dentro de las instituciones educativas, y desarrollar habilidades de gesti\u00f3n de ventas educativas.<\/p>\n\n\n\n<p>Los responsables de organizar este diplomado destacan que las t\u00e9cnicas de venta profesionales van desde la administraci\u00f3n, atenci\u00f3n al cliente, marketing, incluyendo ventas corporativas, gesti\u00f3n de ventas, atenci\u00f3n al cliente, comunicaci\u00f3n social y negociaci\u00f3n.<\/p>\n\n\n\n<p>Por tal motivo, dijeron, se estudiar\u00e1 cada etapa para mejor comprensi\u00f3n en la vida cotidiana de los centros educativos.<\/p>\n\n\n\n<p>En ese sentido el proyecto formativo, que se imparte entre el mes de julio y septiembre, abordar\u00e1 temas como la importancia del servicio al cliente desde el enfoque mercadol\u00f3gico, la motivaci\u00f3n del docente para ejercer un buen marketing educativo, potencializaci\u00f3n del servicio educativo con actividades extracurriculares, entre otros.<\/p>\n\n\n\n<p>Para ello se desarrollan jornadas en modalidad de charlas magistrales, an\u00e1lisis de casos reales y el uso de diversas herramientas y aplicaciones tendencia en el mundo del marketing.<\/p>\n","protected":false},"excerpt":{"rendered":"<p>La capacitaci\u00f3n se imparte en una de las aulas del campus de la Utec, y los participantes son profesionales de la docencia de diversos centros educativos de educaci\u00f3n media. Wilber Corpe\u00f1oFotos: Alexander MoralesLa Palabra Universitaria Sobre el marketing educativo y sus t\u00e9cnicas se enfoca un diplomado especializado que se imparte a un grupo de profesionales&#8230;<\/p>\n","protected":false},"author":1,"featured_media":428,"comment_status":"open","ping_status":"open","sticky":false,"template":"","format":"standard","meta":{"footnotes":""},"categories":[2,1],"tags":[102,23,42,25],"class_list":["post-427","post","type-post","status-publish","format-standard","has-post-thumbnail","hentry","category-capacitaciones-utec","category-campus-utec","tag-diplomado","tag-educacion-media","tag-profesores","tag-red-de-colegios"],"_links":{"self":[{"href":"https:\/\/lapalabra.utec.edu.sv\/index.php\/wp-json\/wp\/v2\/posts\/427","targetHints":{"allow":["GET"]}}],"collection":[{"href":"https:\/\/lapalabra.utec.edu.sv\/index.php\/wp-json\/wp\/v2\/posts"}],"about":[{"href":"https:\/\/lapalabra.utec.edu.sv\/index.php\/wp-json\/wp\/v2\/types\/post"}],"author":[{"embeddable":true,"href":"https:\/\/lapalabra.utec.edu.sv\/index.php\/wp-json\/wp\/v2\/users\/1"}],"replies":[{"embeddable":true,"href":"https:\/\/lapalabra.utec.edu.sv\/index.php\/wp-json\/wp\/v2\/comments?post=427"}],"version-history":[{"count":1,"href":"https:\/\/lapalabra.utec.edu.sv\/index.php\/wp-json\/wp\/v2\/posts\/427\/revisions"}],"predecessor-version":[{"id":429,"href":"https:\/\/lapalabra.utec.edu.sv\/index.php\/wp-json\/wp\/v2\/posts\/427\/revisions\/429"}],"wp:featuredmedia":[{"embeddable":true,"href":"https:\/\/lapalabra.utec.edu.sv\/index.php\/wp-json\/wp\/v2\/media\/428"}],"wp:attachment":[{"href":"https:\/\/lapalabra.utec.edu.sv\/index.php\/wp-json\/wp\/v2\/media?parent=427"}],"wp:term":[{"taxonomy":"category","embeddable":true,"href":"https:\/\/lapalabra.utec.edu.sv\/index.php\/wp-json\/wp\/v2\/categories?post=427"},{"taxonomy":"post_tag","embeddable":true,"href":"https:\/\/lapalabra.utec.edu.sv\/index.php\/wp-json\/wp\/v2\/tags?post=427"}],"curies":[{"name":"wp","href":"https:\/\/api.w.org\/{rel}","templated":true}]}}