{"id":4158,"date":"2025-11-28T12:39:24","date_gmt":"2025-11-28T18:39:24","guid":{"rendered":"https:\/\/lapalabra.utec.edu.sv\/?p=4158"},"modified":"2025-11-28T12:39:24","modified_gmt":"2025-11-28T18:39:24","slug":"docentes-de-ciencias-sociales-promueven-intercambio-de-practicas-pedagogicas","status":"publish","type":"post","link":"https:\/\/lapalabra.utec.edu.sv\/index.php\/docentes-de-ciencias-sociales-promueven-intercambio-de-practicas-pedagogicas\/","title":{"rendered":"Docentes de Ciencias Sociales promueven intercambio de pr\u00e1cticas pedag\u00f3gicas"},"content":{"rendered":"\n<p class=\"has-text-color has-link-color wp-elements-16ac386a35cac017f5be8441c0759c3c\" style=\"color:#5a1533\">M<strong>etodolog\u00edas innovadoras para fortalecer el proceso de ense\u00f1anza-aprendizaje fueron presentadas por docentes de las escuelas de Antropolog\u00eda, Psicolog\u00eda, Comunicaciones e Idiomas. <\/strong><\/p>\n\n\n\n<p><em>Redacci\u00f3n: Jonathan V\u00e1squez<br>Fotograf\u00edas: Norman Trujillo<br>La Palabra Universitaria<\/em><\/p>\n\n\n\n<p>La Facultad de Ciencias Sociales de la Universidad Tecnol\u00f3gica de El Salvador llev\u00f3 a cabo una jornada acad\u00e9mica que reuni\u00f3 a docentes de las escuelas de Antropolog\u00eda, Psicolog\u00eda, Comunicaciones e Idiomas. <\/p>\n\n\n\n<p>El objetivo de este encuentro fue propiciar un espacio de reflexi\u00f3n, actualizaci\u00f3n y di\u00e1logo pedag\u00f3gico, mediante la exposici\u00f3n de pr\u00e1cticas de aprendizaje implementadas tanto en el aula como en entornos virtuales.<\/p>\n\n\n\n<p>Durante la actividad, dos docentes de cada escuela compartieron con sus colegas sus experiencias, metodolog\u00edas y estrategias de ense\u00f1anza. Entre los participantes se encuentran <strong>Reynaldo Rivas, Miguel \u00c1ngel Hern\u00e1ndez, Katherine Escobar, Kattia Larios y Marlon Lobos<\/strong>, entre otros profesionales comprometidos con la innovaci\u00f3n educativa.<\/p>\n\n\n\n<p>La decana de la Facultad, <strong>Arely Villalta de Parada<\/strong>, ofreci\u00f3 unas palabras de bienvenida en las que destac\u00f3 la importancia del rol docente en la formaci\u00f3n integral del estudiantado, as\u00ed como la responsabilidad de mantenerse en constante actualizaci\u00f3n para asegurar procesos de ense\u00f1anza-aprendizaje pertinentes y efectivos.<\/p>\n\n\n<div class=\"wp-block-image\">\n<figure class=\"alignleft size-full\"><img loading=\"lazy\" decoding=\"async\" width=\"450\" height=\"300\" src=\"https:\/\/lapalabra.utec.edu.sv\/wp-content\/uploads\/2025\/11\/practicaspedagogicas2.jpg\" alt=\"\" class=\"wp-image-4160\" srcset=\"https:\/\/lapalabra.utec.edu.sv\/wp-content\/uploads\/2025\/11\/practicaspedagogicas2.jpg 450w, https:\/\/lapalabra.utec.edu.sv\/wp-content\/uploads\/2025\/11\/practicaspedagogicas2-300x200.jpg 300w\" sizes=\"auto, (max-width: 450px) 100vw, 450px\" \/><\/figure>\n<\/div>\n\n\n<p>Las presentaciones abordaron diversas estrategias innovadoras, entre ellas: el uso de <strong>inteligencia artificial en el aula<\/strong>, la implementaci\u00f3n de <strong>chats educativos en Microsoft Teams<\/strong>, el aprovechamiento de <strong>recursos digitales de Google<\/strong> y <strong>din\u00e1micas l\u00fadicas apoyadas en IA<\/strong>, entre otras propuestas. Estas metodolog\u00edas evidencian la diversidad de enfoques que pueden enriquecer la pr\u00e1ctica docente y responder a las demandas de la educaci\u00f3n contempor\u00e1nea.<\/p>\n\n\n\n<p>La jornada se consolid\u00f3 como un espacio valioso para el intercambio acad\u00e9mico, reafirmando que la ense\u00f1anza puede desarrollarse a trav\u00e9s de m\u00faltiples herramientas y perspectivas, siempre orientadas a fortalecer el aprendizaje significativo de los estudiantes.<\/p>\n","protected":false},"excerpt":{"rendered":"<p>Metodolog\u00edas innovadoras para fortalecer el proceso de ense\u00f1anza-aprendizaje fueron presentadas por docentes de las escuelas de Antropolog\u00eda, Psicolog\u00eda, Comunicaciones e Idiomas. Redacci\u00f3n: Jonathan V\u00e1squezFotograf\u00edas: Norman TrujilloLa Palabra Universitaria La Facultad de Ciencias Sociales de la Universidad Tecnol\u00f3gica de El Salvador llev\u00f3 a cabo una jornada acad\u00e9mica que reuni\u00f3 a docentes de las escuelas de Antropolog\u00eda,&#8230;<\/p>\n","protected":false},"author":1,"featured_media":4159,"comment_status":"open","ping_status":"open","sticky":false,"template":"","format":"standard","meta":{"footnotes":""},"categories":[9,1,7],"tags":[41,55,763],"class_list":["post-4158","post","type-post","status-publish","format-standard","has-post-thumbnail","hentry","category-ciencias-sociales","category-campus-utec","category-facultades","tag-docentes","tag-facultad-de-ciencia-sociales","tag-practicas-pedagogicas"],"_links":{"self":[{"href":"https:\/\/lapalabra.utec.edu.sv\/index.php\/wp-json\/wp\/v2\/posts\/4158","targetHints":{"allow":["GET"]}}],"collection":[{"href":"https:\/\/lapalabra.utec.edu.sv\/index.php\/wp-json\/wp\/v2\/posts"}],"about":[{"href":"https:\/\/lapalabra.utec.edu.sv\/index.php\/wp-json\/wp\/v2\/types\/post"}],"author":[{"embeddable":true,"href":"https:\/\/lapalabra.utec.edu.sv\/index.php\/wp-json\/wp\/v2\/users\/1"}],"replies":[{"embeddable":true,"href":"https:\/\/lapalabra.utec.edu.sv\/index.php\/wp-json\/wp\/v2\/comments?post=4158"}],"version-history":[{"count":1,"href":"https:\/\/lapalabra.utec.edu.sv\/index.php\/wp-json\/wp\/v2\/posts\/4158\/revisions"}],"predecessor-version":[{"id":4161,"href":"https:\/\/lapalabra.utec.edu.sv\/index.php\/wp-json\/wp\/v2\/posts\/4158\/revisions\/4161"}],"wp:featuredmedia":[{"embeddable":true,"href":"https:\/\/lapalabra.utec.edu.sv\/index.php\/wp-json\/wp\/v2\/media\/4159"}],"wp:attachment":[{"href":"https:\/\/lapalabra.utec.edu.sv\/index.php\/wp-json\/wp\/v2\/media?parent=4158"}],"wp:term":[{"taxonomy":"category","embeddable":true,"href":"https:\/\/lapalabra.utec.edu.sv\/index.php\/wp-json\/wp\/v2\/categories?post=4158"},{"taxonomy":"post_tag","embeddable":true,"href":"https:\/\/lapalabra.utec.edu.sv\/index.php\/wp-json\/wp\/v2\/tags?post=4158"}],"curies":[{"name":"wp","href":"https:\/\/api.w.org\/{rel}","templated":true}]}}