{"id":4071,"date":"2025-11-07T16:07:21","date_gmt":"2025-11-07T22:07:21","guid":{"rendered":"https:\/\/lapalabra.utec.edu.sv\/?p=4071"},"modified":"2025-11-07T16:07:21","modified_gmt":"2025-11-07T22:07:21","slug":"mujeres-emprendedoras-reciben-capacitacion-para-acceder-a-capital-semilla","status":"publish","type":"post","link":"https:\/\/lapalabra.utec.edu.sv\/index.php\/mujeres-emprendedoras-reciben-capacitacion-para-acceder-a-capital-semilla\/","title":{"rendered":"Mujeres emprendedoras reciben capacitaci\u00f3n para acceder a capital semilla"},"content":{"rendered":"\n<p class=\"has-text-color has-link-color wp-elements-0e5b40c3a17efa7018a11c3763239e83\" style=\"color:#5a1533\"><strong>La iniciativa tiene como prop\u00f3sito potenciar los negocios de mujeres salvadore\u00f1as, brind\u00e1ndoles herramientas y equipos necesarios para hacerlos crecer, alcanzar independencia financiera y posicionar sus emprendimientos en el mundo laboral.<\/strong><\/p>\n\n\n\n<p><em>Redacci\u00f3n y fotograf\u00edas: Ana Sorto<br>La Palabra Universitaria<\/em><\/p>\n\n\n\n<p>En el marco del proyecto <em>Ampliando Oportunidades<\/em> de <strong>Emprende Pro Mujer<\/strong>, con el respaldo de la Universidad Tecnol\u00f3gica de El Salvador (UTEC) a trav\u00e9s de Proyecci\u00f3n Social, se llev\u00f3 a cabo la segunda postulaci\u00f3n del programa de <strong>capital semilla<\/strong>, en la que participaron aproximadamente 35 mujeres emprendedoras que aspiran a contar con este beneficio.<\/p>\n\n\n\n<p>La facilitadora de Pro Mujer, Aracely Zalda\u00f1a, se\u00f1al\u00f3 que como requisito inicial las participantes deben completar una certificaci\u00f3n de seis semanas.<\/p>\n\n\n<div class=\"wp-block-image\">\n<figure class=\"alignleft size-full\"><img loading=\"lazy\" decoding=\"async\" width=\"400\" height=\"251\" src=\"https:\/\/lapalabra.utec.edu.sv\/wp-content\/uploads\/2025\/11\/capital_semilla2.jpg\" alt=\"\" class=\"wp-image-4092\" srcset=\"https:\/\/lapalabra.utec.edu.sv\/wp-content\/uploads\/2025\/11\/capital_semilla2.jpg 400w, https:\/\/lapalabra.utec.edu.sv\/wp-content\/uploads\/2025\/11\/capital_semilla2-300x188.jpg 300w, https:\/\/lapalabra.utec.edu.sv\/wp-content\/uploads\/2025\/11\/capital_semilla2-150x95.jpg 150w\" sizes=\"auto, (max-width: 400px) 100vw, 400px\" \/><\/figure>\n<\/div>\n\n\n<p>\u201cEl capital semilla es siempre en especie; es decir, ellas solicitan equipos, herramientas o lo que necesitan, y de esta manera comienza todo el proceso de sistematizaci\u00f3n, evaluaci\u00f3n y, por \u00faltimo, la entrega\u201d, recalc\u00f3 Zalda\u00f1a.<\/p>\n\n\n\n<p>La actividad cont\u00f3 con la participaci\u00f3n de la vicerrectora de Investigaci\u00f3n y Proyecci\u00f3n Social de la UTEC, Noris L\u00f3pez, quien expres\u00f3: \u201cEl proyecto originalmente contempla beneficiar a m\u00e1s de 95 mujeres. La UTEC, en conjunto con Pro Mujer, ha tenido la dicha de beneficiar hasta el momento a 68 mujeres de diferentes \u00e1mbitos, y hoy esperamos completar la meta y llegar a m\u00e1s de 95 emprendimientos\u201d, subray\u00f3.<\/p>\n\n\n\n<p>Adem\u00e1s, mencion\u00f3 que en esta ocasi\u00f3n el monto a entregar \u2014en especie\u2014 asciende a <strong>550 d\u00f3lares<\/strong>, una contribuci\u00f3n significativa para fortalecer sus peque\u00f1os negocios y potenciar la econom\u00eda salvadore\u00f1a.<\/p>\n\n\n\n<p>Con esta iniciativa, se reafirma el compromiso con el fortalecimiento de los negocios liderados por mujeres en el pa\u00eds y se reconoce el papel fundamental que desempe\u00f1an dentro de la econom\u00eda local.<\/p>\n","protected":false},"excerpt":{"rendered":"<p>La iniciativa tiene como prop\u00f3sito potenciar los negocios de mujeres salvadore\u00f1as, brind\u00e1ndoles herramientas y equipos necesarios para hacerlos crecer, alcanzar independencia financiera y posicionar sus emprendimientos en el mundo laboral. Redacci\u00f3n y fotograf\u00edas: Ana SortoLa Palabra Universitaria En el marco del proyecto Ampliando Oportunidades de Emprende Pro Mujer, con el respaldo de la Universidad Tecnol\u00f3gica&#8230;<\/p>\n","protected":false},"author":1,"featured_media":4091,"comment_status":"open","ping_status":"open","sticky":false,"template":"","format":"standard","meta":{"footnotes":""},"categories":[5,1],"tags":[452,299,50,49],"class_list":["post-4071","post","type-post","status-publish","format-standard","has-post-thumbnail","hentry","category-convenios","category-campus-utec","tag-capital-semilla","tag-emprende-pro-mujer","tag-proyeccion-social","tag-vicerrectoria-de-investigacion"],"_links":{"self":[{"href":"https:\/\/lapalabra.utec.edu.sv\/index.php\/wp-json\/wp\/v2\/posts\/4071","targetHints":{"allow":["GET"]}}],"collection":[{"href":"https:\/\/lapalabra.utec.edu.sv\/index.php\/wp-json\/wp\/v2\/posts"}],"about":[{"href":"https:\/\/lapalabra.utec.edu.sv\/index.php\/wp-json\/wp\/v2\/types\/post"}],"author":[{"embeddable":true,"href":"https:\/\/lapalabra.utec.edu.sv\/index.php\/wp-json\/wp\/v2\/users\/1"}],"replies":[{"embeddable":true,"href":"https:\/\/lapalabra.utec.edu.sv\/index.php\/wp-json\/wp\/v2\/comments?post=4071"}],"version-history":[{"count":2,"href":"https:\/\/lapalabra.utec.edu.sv\/index.php\/wp-json\/wp\/v2\/posts\/4071\/revisions"}],"predecessor-version":[{"id":4093,"href":"https:\/\/lapalabra.utec.edu.sv\/index.php\/wp-json\/wp\/v2\/posts\/4071\/revisions\/4093"}],"wp:featuredmedia":[{"embeddable":true,"href":"https:\/\/lapalabra.utec.edu.sv\/index.php\/wp-json\/wp\/v2\/media\/4091"}],"wp:attachment":[{"href":"https:\/\/lapalabra.utec.edu.sv\/index.php\/wp-json\/wp\/v2\/media?parent=4071"}],"wp:term":[{"taxonomy":"category","embeddable":true,"href":"https:\/\/lapalabra.utec.edu.sv\/index.php\/wp-json\/wp\/v2\/categories?post=4071"},{"taxonomy":"post_tag","embeddable":true,"href":"https:\/\/lapalabra.utec.edu.sv\/index.php\/wp-json\/wp\/v2\/tags?post=4071"}],"curies":[{"name":"wp","href":"https:\/\/api.w.org\/{rel}","templated":true}]}}