{"id":4065,"date":"2025-11-07T15:53:15","date_gmt":"2025-11-07T21:53:15","guid":{"rendered":"https:\/\/lapalabra.utec.edu.sv\/?p=4065"},"modified":"2025-11-07T15:53:15","modified_gmt":"2025-11-07T21:53:15","slug":"comunicadores-celebran-el-dia-del-locutor-salvadoreno-junto-a-profesionales-exitosos","status":"publish","type":"post","link":"https:\/\/lapalabra.utec.edu.sv\/index.php\/comunicadores-celebran-el-dia-del-locutor-salvadoreno-junto-a-profesionales-exitosos\/","title":{"rendered":"Comunicadores celebran el D\u00eda del Locutor Salvadore\u00f1o junto a profesionales exitosos"},"content":{"rendered":"\n<p class=\"has-text-color has-link-color wp-elements-bbfcca18ca0d09a9fb3c02f2fc4bdc6a\" style=\"color:#5a1533\"><strong>Los reconocidos locutores Guillermo Maldonado y Nelson Hern\u00e1ndez compartieron su visi\u00f3n sobre c\u00f3mo la tecnolog\u00eda redefine la locuci\u00f3n salvadore\u00f1a, sin dejar de lado la pasi\u00f3n y la esencia que conectan con las audiencias.<\/strong><\/p>\n\n\n\n<p><em>Redacci\u00f3n: Jos\u00e9 Luis Mart\u00ednez<br>Fotograf\u00edas: Daniela Alexandra<br>La Palabra Universitaria<\/em><\/p>\n\n\n\n<p>La Universidad Tecnol\u00f3gica de El Salvador (UTEC) celebr\u00f3 el D\u00eda del Locutor con un conversatorio que destac\u00f3 la transformaci\u00f3n, los desaf\u00edos y los nuevos paradigmas que enfrenta la locuci\u00f3n salvadore\u00f1a en la era digital.<\/p>\n\n\n\n<p>Bajo el t\u00edtulo <em>\u201cDesaf\u00edos y nuevos paradigmas del locutor salvadore\u00f1o\u201d<\/em>, la Facultad de Ciencias Sociales, a trav\u00e9s de la Escuela de Comunicaciones, reuni\u00f3 a reconocidos exponentes de la radiodifusi\u00f3n nacional para reflexionar sobre c\u00f3mo la profesi\u00f3n se adapta a los cambios tecnol\u00f3gicos sin perder su esencia humana.<\/p>\n\n\n\n<p>\u201cLa voz es un instrumento invisible que toca el alma de las audiencias\u201d, expres\u00f3 Domingo Alfaro, director de la Escuela de Comunicaciones, al inaugurar el evento. Con esta frase record\u00f3 que la locuci\u00f3n sigue siendo un puente emocional entre el comunicador y el p\u00fablico, incluso en un mundo donde las pantallas y la inteligencia artificial dominan los medios.<\/p>\n\n\n\n<p>El conversatorio cont\u00f3 con la participaci\u00f3n de Guillermo Maldonado \u2014locutor, productor, actor de doblaje, coach y <em>speaker<\/em>\u2014, junto a Nelson Hern\u00e1ndez, locutor, productor, director de Radio Paz y creador de la primera escuela de DJs en El Salvador. Ambos coincidieron en que la profesi\u00f3n vive una etapa de reinvenci\u00f3n, donde el locutor debe combinar talento, conocimiento tecnol\u00f3gico y autenticidad para mantenerse vigente.<\/p>\n\n\n\n<p>Nelson Hern\u00e1ndez enfatiz\u00f3 que el locutor actual ya no puede limitarse al micr\u00f3fono: debe ser un \u201clocutor 360\u201d, capaz de dominar las plataformas digitales, interactuar con su audiencia en redes sociales y construir una marca personal s\u00f3lida.<\/p>\n\n\n\n<p>\u201cPara mantenerte vigente necesitas ser creativo, que tu voz tenga esa capacidad de conectar con el coraz\u00f3n de la gente que te ve, que seas humilde y \u2014algo bien importante, j\u00f3venes\u2014 aut\u00e9ntico\u201d, expres\u00f3.<\/p>\n\n\n\n<p>Agreg\u00f3 que la improvisaci\u00f3n y la creatividad son claves, pero deben ir acompa\u00f1adas de una preparaci\u00f3n constante: \u201cHoy es necesario saber improvisar, pero para saber improvisar hay que aprender\u201d.<\/p>\n\n\n\n<p>En ese mismo sentido, Guillermo Maldonado comparti\u00f3 su experiencia como testigo de la evoluci\u00f3n de la radiodifusi\u00f3n salvadore\u00f1a. Habl\u00f3 sobre la llegada de nuevas herramientas, como la inteligencia artificial, y c\u00f3mo estas representan tanto una oportunidad como un reto para los profesionales del micr\u00f3fono.<\/p>\n\n\n\n<p>\u201cYo la uso a mi favor cuando puedo\u201d, coment\u00f3, aunque subray\u00f3 que la tecnolog\u00eda no puede reemplazar la esencia del ser humano. \u201cLo aut\u00e9ntico la IA no lo puede hacer todav\u00eda\u201d, afirm\u00f3 con convicci\u00f3n. Adem\u00e1s, recalc\u00f3 que el \u00e9xito del locutor moderno depende de su actitud y de su b\u00fasqueda de excelencia: \u201cA los excelentes los eligen\u201d.<\/p>\n\n\n\n<p>El p\u00fablico, integrado principalmente por estudiantes de comunicaci\u00f3n, escuch\u00f3 con atenci\u00f3n y entusiasmo cada intervenci\u00f3n. A trav\u00e9s de las reflexiones de los invitados, se evidenci\u00f3 que el locutor del siglo XXI enfrenta desaf\u00edos que van m\u00e1s all\u00e1 de la voz: debe ser estratega digital, productor creativo, comunicador emp\u00e1tico y promotor de contenidos responsables.<\/p>\n\n\n\n<p>En conjunto, el conversatorio se convirti\u00f3 en un espacio de inspiraci\u00f3n que resalt\u00f3 la importancia de reinventarse sin renunciar a la autenticidad. Maldonado y Hern\u00e1ndez coincidieron en que los nuevos paradigmas de la locuci\u00f3n exigen un equilibrio entre lo t\u00e9cnico y lo humano: dominar la tecnolog\u00eda sin permitir que apague la emoci\u00f3n que solo una voz genuina puede transmitir.<\/p>\n\n\n\n<p>Finalmente, Aldo Maldonado, coordinador del Departamento de Relaciones P\u00fablicas y Publicidad, expres\u00f3 que la UTEC continuar\u00e1 impulsando actividades de este tipo para fortalecer la formaci\u00f3n de comunicadores integrales.<\/p>\n","protected":false},"excerpt":{"rendered":"<p>Los reconocidos locutores Guillermo Maldonado y Nelson Hern\u00e1ndez compartieron su visi\u00f3n sobre c\u00f3mo la tecnolog\u00eda redefine la locuci\u00f3n salvadore\u00f1a, sin dejar de lado la pasi\u00f3n y la esencia que conectan con las audiencias. Redacci\u00f3n: Jos\u00e9 Luis Mart\u00ednezFotograf\u00edas: Daniela AlexandraLa Palabra Universitaria La Universidad Tecnol\u00f3gica de El Salvador (UTEC) celebr\u00f3 el D\u00eda del Locutor con un&#8230;<\/p>\n","protected":false},"author":1,"featured_media":4081,"comment_status":"open","ping_status":"open","sticky":false,"template":"","format":"standard","meta":{"footnotes":""},"categories":[9,3,1,7],"tags":[549,21,128,55],"class_list":["post-4065","post","type-post","status-publish","format-standard","has-post-thumbnail","hentry","category-ciencias-sociales","category-conferencias-utec","category-campus-utec","category-facultades","tag-dia-del-locutor","tag-escuela-de-comunicaciones","tag-estudiantes","tag-facultad-de-ciencia-sociales"],"_links":{"self":[{"href":"https:\/\/lapalabra.utec.edu.sv\/index.php\/wp-json\/wp\/v2\/posts\/4065","targetHints":{"allow":["GET"]}}],"collection":[{"href":"https:\/\/lapalabra.utec.edu.sv\/index.php\/wp-json\/wp\/v2\/posts"}],"about":[{"href":"https:\/\/lapalabra.utec.edu.sv\/index.php\/wp-json\/wp\/v2\/types\/post"}],"author":[{"embeddable":true,"href":"https:\/\/lapalabra.utec.edu.sv\/index.php\/wp-json\/wp\/v2\/users\/1"}],"replies":[{"embeddable":true,"href":"https:\/\/lapalabra.utec.edu.sv\/index.php\/wp-json\/wp\/v2\/comments?post=4065"}],"version-history":[{"count":1,"href":"https:\/\/lapalabra.utec.edu.sv\/index.php\/wp-json\/wp\/v2\/posts\/4065\/revisions"}],"predecessor-version":[{"id":4066,"href":"https:\/\/lapalabra.utec.edu.sv\/index.php\/wp-json\/wp\/v2\/posts\/4065\/revisions\/4066"}],"wp:featuredmedia":[{"embeddable":true,"href":"https:\/\/lapalabra.utec.edu.sv\/index.php\/wp-json\/wp\/v2\/media\/4081"}],"wp:attachment":[{"href":"https:\/\/lapalabra.utec.edu.sv\/index.php\/wp-json\/wp\/v2\/media?parent=4065"}],"wp:term":[{"taxonomy":"category","embeddable":true,"href":"https:\/\/lapalabra.utec.edu.sv\/index.php\/wp-json\/wp\/v2\/categories?post=4065"},{"taxonomy":"post_tag","embeddable":true,"href":"https:\/\/lapalabra.utec.edu.sv\/index.php\/wp-json\/wp\/v2\/tags?post=4065"}],"curies":[{"name":"wp","href":"https:\/\/api.w.org\/{rel}","templated":true}]}}