{"id":3993,"date":"2025-10-17T14:18:56","date_gmt":"2025-10-17T20:18:56","guid":{"rendered":"https:\/\/lapalabra.utec.edu.sv\/?p=3993"},"modified":"2025-10-17T14:18:56","modified_gmt":"2025-10-17T20:18:56","slug":"quinta-entrega-de-capital-semilla-a-mujeres-emprendedoras","status":"publish","type":"post","link":"https:\/\/lapalabra.utec.edu.sv\/index.php\/quinta-entrega-de-capital-semilla-a-mujeres-emprendedoras\/","title":{"rendered":"Quinta entrega de capital semilla a mujeres emprendedoras"},"content":{"rendered":"\n<p class=\"has-text-color has-link-color wp-elements-ad2077b7aea60870c013d8bb6140ac24\" style=\"color:#5a1533\"><strong>La entrega de estos insumos es posible gracias a la alianza entre la UTEC y la organizaci\u00f3n Pro-Mujer, quienes han capacitado a mujeres emprendedoras para fortalecer sus negocios.<\/strong><\/p>\n\n\n\n<p><strong>Redacci\u00f3n y fotograf\u00edas:<\/strong> Jonathan V\u00e1squez<br><em>La Palabra Universitaria<\/em><\/p>\n\n\n\n<p>La <strong>Universidad Tecnol\u00f3gica de El Salvador (UTEC)<\/strong>, a trav\u00e9s de la <strong>Vicerrector\u00eda de Investigaci\u00f3n y Proyecci\u00f3n Social<\/strong>, reafirm\u00f3 su compromiso con el emprendimiento femenino al entregar, por quinta ocasi\u00f3n, <strong>fondos de capital semilla<\/strong> a mujeres salvadore\u00f1as que participan en el programa <em>Comienzo mi negocio<\/em>, desarrollado en alianza con <strong>Pro-Mujer<\/strong>, una organizaci\u00f3n internacional dedicada al empoderamiento econ\u00f3mico de las mujeres.<\/p>\n\n\n\n<p>Estas emprendedoras, provenientes de distintos rubros, recibieron insumos, materiales y equipos que fortalecer\u00e1n sus iniciativas productivas, permiti\u00e9ndoles avanzar hacia una econom\u00eda m\u00e1s aut\u00f3noma, sostenible y competitiva.<\/p>\n\n\n\n<p>Durante la ceremonia, la vicerrectora de Investigaci\u00f3n y Proyecci\u00f3n Social, <strong>Noris Isabel L\u00f3pez Guevara<\/strong>, destac\u00f3 el impacto del proyecto y la importancia de la colaboraci\u00f3n con Pro-Mujer.<\/p>\n\n\n\n<blockquote class=\"wp-block-quote is-layout-flow wp-block-quote-is-layout-flow\">\n<p>\u201cHasta la fecha hemos administrado 42,000 d\u00f3lares, producto de dos desembolsos recibidos, que han sido entregados a todas las beneficiarias que, como ustedes, les han antecedido. Este es el quinto grupo al que hacemos entrega de este capital semilla, que ahora se traduce en importantes insumos y materiales para las diversas actividades que desarrollan\u201d, expres\u00f3 L\u00f3pez.<\/p>\n<\/blockquote>\n\n\n\n<p>Entre los materiales entregados se incluyeron <strong>hornos, refrigeradores, equipos de bisuter\u00eda, jardiner\u00eda, limpieza, costura<\/strong>, entre otros implementos que responden a las necesidades espec\u00edficas de cada negocio.<\/p>\n\n\n\n<p>Con esta quinta entrega, la <strong>UTEC y Pro-Mujer<\/strong> fortalecen una alianza que va m\u00e1s all\u00e1 del apoyo econ\u00f3mico, <strong>apostando por el empoderamiento, la innovaci\u00f3n y la construcci\u00f3n de un futuro donde m\u00e1s mujeres puedan hacer realidad sus ideas y contribuir al progreso del pa\u00eds.<\/strong><\/p>\n","protected":false},"excerpt":{"rendered":"<p>La entrega de estos insumos es posible gracias a la alianza entre la UTEC y la organizaci\u00f3n Pro-Mujer, quienes han capacitado a mujeres emprendedoras para fortalecer sus negocios. Redacci\u00f3n y fotograf\u00edas: Jonathan V\u00e1squezLa Palabra Universitaria La Universidad Tecnol\u00f3gica de El Salvador (UTEC), a trav\u00e9s de la Vicerrector\u00eda de Investigaci\u00f3n y Proyecci\u00f3n Social, reafirm\u00f3 su compromiso&#8230;<\/p>\n","protected":false},"author":1,"featured_media":3994,"comment_status":"open","ping_status":"open","sticky":false,"template":"","format":"standard","meta":{"footnotes":""},"categories":[1,14],"tags":[452,299,702,50,49],"class_list":["post-3993","post","type-post","status-publish","format-standard","has-post-thumbnail","hentry","category-campus-utec","category-proyeccion-social","tag-capital-semilla","tag-emprende-pro-mujer","tag-pro-mujer","tag-proyeccion-social","tag-vicerrectoria-de-investigacion"],"_links":{"self":[{"href":"https:\/\/lapalabra.utec.edu.sv\/index.php\/wp-json\/wp\/v2\/posts\/3993","targetHints":{"allow":["GET"]}}],"collection":[{"href":"https:\/\/lapalabra.utec.edu.sv\/index.php\/wp-json\/wp\/v2\/posts"}],"about":[{"href":"https:\/\/lapalabra.utec.edu.sv\/index.php\/wp-json\/wp\/v2\/types\/post"}],"author":[{"embeddable":true,"href":"https:\/\/lapalabra.utec.edu.sv\/index.php\/wp-json\/wp\/v2\/users\/1"}],"replies":[{"embeddable":true,"href":"https:\/\/lapalabra.utec.edu.sv\/index.php\/wp-json\/wp\/v2\/comments?post=3993"}],"version-history":[{"count":1,"href":"https:\/\/lapalabra.utec.edu.sv\/index.php\/wp-json\/wp\/v2\/posts\/3993\/revisions"}],"predecessor-version":[{"id":3995,"href":"https:\/\/lapalabra.utec.edu.sv\/index.php\/wp-json\/wp\/v2\/posts\/3993\/revisions\/3995"}],"wp:featuredmedia":[{"embeddable":true,"href":"https:\/\/lapalabra.utec.edu.sv\/index.php\/wp-json\/wp\/v2\/media\/3994"}],"wp:attachment":[{"href":"https:\/\/lapalabra.utec.edu.sv\/index.php\/wp-json\/wp\/v2\/media?parent=3993"}],"wp:term":[{"taxonomy":"category","embeddable":true,"href":"https:\/\/lapalabra.utec.edu.sv\/index.php\/wp-json\/wp\/v2\/categories?post=3993"},{"taxonomy":"post_tag","embeddable":true,"href":"https:\/\/lapalabra.utec.edu.sv\/index.php\/wp-json\/wp\/v2\/tags?post=3993"}],"curies":[{"name":"wp","href":"https:\/\/api.w.org\/{rel}","templated":true}]}}