{"id":3882,"date":"2025-09-26T12:04:27","date_gmt":"2025-09-26T18:04:27","guid":{"rendered":"https:\/\/lapalabra.utec.edu.sv\/?p=3882"},"modified":"2025-09-26T12:04:27","modified_gmt":"2025-09-26T18:04:27","slug":"estudiantes-reciben-orientacion-para-ser-agentes-de-cambio-con-la-onu","status":"publish","type":"post","link":"https:\/\/lapalabra.utec.edu.sv\/index.php\/estudiantes-reciben-orientacion-para-ser-agentes-de-cambio-con-la-onu\/","title":{"rendered":"Estudiantes reciben orientaci\u00f3n para ser agentes de cambio con la ONU"},"content":{"rendered":"\n<p class=\"has-text-color has-link-color wp-elements-91a9247b28ecf4fc4808f4c0662b60e2\" style=\"color:#5a1533\"><strong>La UTEC abri\u00f3 un espacio de di\u00e1logo con ONU Mujeres y Voluntariado ONU para inspirar a la juventud a convertirse en agentes de cambio.<\/strong><\/p>\n\n\n\n<p><em>Redacci\u00f3n y fotograf\u00eda: Vanessa Flores y Eileen Gonz\u00e1lez<br>La Palabra Universitaria<\/em><\/p>\n\n\n\n<p>La Vicerrector\u00eda de Investigaci\u00f3n y Proyecci\u00f3n Social, a trav\u00e9s de la Direcci\u00f3n de Proyecci\u00f3n Social de la Universidad Tecnol\u00f3gica de El Salvador (UTEC), desarroll\u00f3 una sesi\u00f3n informativa sobre el voluntariado de la Organizaci\u00f3n de las Naciones Unidas (ONU). La actividad se enmarc\u00f3 en la conmemoraci\u00f3n de los 80 a\u00f1os de la ONU y bajo el enfoque de Responsabilidad Social Universitaria.<\/p>\n\n\n\n<p>El evento tuvo como prop\u00f3sito acercar a la comunidad acad\u00e9mica al funcionamiento del Sistema de Naciones Unidas en El Salvador, dar a conocer las rutas de participaci\u00f3n en el Programa de Voluntarios de la ONU \u2014tanto de manera presencial como en l\u00ednea\u2014 y reforzar la colaboraci\u00f3n entre la ONU y la universidad, especialmente en iniciativas como Wiki Women Lab y los ejes de Beijing +30 en materia de igualdad de g\u00e9nero.<\/p>\n\n\n\n<p>La jornada reuni\u00f3 a docentes, decanos, representantes de la ONU en El Salvador y estudiantes de diversas asignaturas. \u201cPara nosotros como universidad es importante y se hace relevante que los estudiantes se vinculen con estos organismos internacionales\u201d, afirm\u00f3 William Geliz, director de Proyecci\u00f3n Social de la UTEC.<\/p>\n\n\n<div class=\"wp-block-image\">\n<figure class=\"alignright size-full\"><img loading=\"lazy\" decoding=\"async\" width=\"400\" height=\"261\" src=\"https:\/\/lapalabra.utec.edu.sv\/wp-content\/uploads\/2025\/09\/voluntariosONU2.jpg\" alt=\"\" class=\"wp-image-3884\" srcset=\"https:\/\/lapalabra.utec.edu.sv\/wp-content\/uploads\/2025\/09\/voluntariosONU2.jpg 400w, https:\/\/lapalabra.utec.edu.sv\/wp-content\/uploads\/2025\/09\/voluntariosONU2-300x196.jpg 300w\" sizes=\"auto, (max-width: 400px) 100vw, 400px\" \/><\/figure>\n<\/div>\n\n\n<p>Durante la sesi\u00f3n se brind\u00f3 informaci\u00f3n clave sobre el funcionamiento de la ONU y los programas que ofrece, adem\u00e1s de explicar las diferentes formas de postularse al voluntariado, incluido el voluntariado en l\u00ednea.<\/p>\n\n\n\n<p>Carlos Le\u00f3n Ramos, oficial de Comunicaciones e Incidencia de la Oficina del Coordinador Residente de la ONU, ofreci\u00f3 un repaso hist\u00f3rico sobre la presencia del organismo en el pa\u00eds y sus principales aportes, acompa\u00f1ado de una din\u00e1mica interactiva para motivar a los j\u00f3venes a conocer c\u00f3mo naci\u00f3 la ONU.<\/p>\n\n\n\n<p>Por su parte, Gerson Ram\u00edrez, especialista en Comunicaciones y Movilizaci\u00f3n de Voluntarios de la Oficina de Voluntarios ONU en Centroam\u00e9rica, present\u00f3 las oportunidades de participaci\u00f3n para j\u00f3venes en proyectos nacionales e internacionales. Destac\u00f3 el voluntariado en l\u00ednea como una herramienta innovadora para conectar a estudiantes con iniciativas de impacto global sin necesidad de salir del pa\u00eds, aunque se\u00f1al\u00f3 que en el futuro esperan ampliar tambi\u00e9n las oportunidades presenciales.<\/p>\n\n\n\n<p>Asimismo, se present\u00f3 el trabajo de ONU Mujeres en El Salvador. Mar\u00eda del Mar Mart\u00edn, coordinadora de Comunicaciones de ONU Mujeres, comparti\u00f3 la agenda global que impulsa esta entidad, enfocada en el empoderamiento femenino y la prevenci\u00f3n de la violencia de g\u00e9nero. Record\u00f3 que su labor busca cerrar las brechas de g\u00e9nero a trav\u00e9s de cambios en leyes, instituciones, comportamientos sociales y servicios.<\/p>\n","protected":false},"excerpt":{"rendered":"<p>La UTEC abri\u00f3 un espacio de di\u00e1logo con ONU Mujeres y Voluntariado ONU para inspirar a la juventud a convertirse en agentes de cambio. Redacci\u00f3n y fotograf\u00eda: Vanessa Flores y Eileen Gonz\u00e1lezLa Palabra Universitaria La Vicerrector\u00eda de Investigaci\u00f3n y Proyecci\u00f3n Social, a trav\u00e9s de la Direcci\u00f3n de Proyecci\u00f3n Social de la Universidad Tecnol\u00f3gica de El&#8230;<\/p>\n","protected":false},"author":1,"featured_media":3883,"comment_status":"open","ping_status":"open","sticky":false,"template":"","format":"standard","meta":{"footnotes":""},"categories":[1,14],"tags":[620,50,492,49],"class_list":["post-3882","post","type-post","status-publish","format-standard","has-post-thumbnail","hentry","category-campus-utec","category-proyeccion-social","tag-onu-mujeres","tag-proyeccion-social","tag-responsabilidad-social-universitaria","tag-vicerrectoria-de-investigacion"],"_links":{"self":[{"href":"https:\/\/lapalabra.utec.edu.sv\/index.php\/wp-json\/wp\/v2\/posts\/3882","targetHints":{"allow":["GET"]}}],"collection":[{"href":"https:\/\/lapalabra.utec.edu.sv\/index.php\/wp-json\/wp\/v2\/posts"}],"about":[{"href":"https:\/\/lapalabra.utec.edu.sv\/index.php\/wp-json\/wp\/v2\/types\/post"}],"author":[{"embeddable":true,"href":"https:\/\/lapalabra.utec.edu.sv\/index.php\/wp-json\/wp\/v2\/users\/1"}],"replies":[{"embeddable":true,"href":"https:\/\/lapalabra.utec.edu.sv\/index.php\/wp-json\/wp\/v2\/comments?post=3882"}],"version-history":[{"count":1,"href":"https:\/\/lapalabra.utec.edu.sv\/index.php\/wp-json\/wp\/v2\/posts\/3882\/revisions"}],"predecessor-version":[{"id":3885,"href":"https:\/\/lapalabra.utec.edu.sv\/index.php\/wp-json\/wp\/v2\/posts\/3882\/revisions\/3885"}],"wp:featuredmedia":[{"embeddable":true,"href":"https:\/\/lapalabra.utec.edu.sv\/index.php\/wp-json\/wp\/v2\/media\/3883"}],"wp:attachment":[{"href":"https:\/\/lapalabra.utec.edu.sv\/index.php\/wp-json\/wp\/v2\/media?parent=3882"}],"wp:term":[{"taxonomy":"category","embeddable":true,"href":"https:\/\/lapalabra.utec.edu.sv\/index.php\/wp-json\/wp\/v2\/categories?post=3882"},{"taxonomy":"post_tag","embeddable":true,"href":"https:\/\/lapalabra.utec.edu.sv\/index.php\/wp-json\/wp\/v2\/tags?post=3882"}],"curies":[{"name":"wp","href":"https:\/\/api.w.org\/{rel}","templated":true}]}}