{"id":380,"date":"2023-07-21T09:06:26","date_gmt":"2023-07-21T15:06:26","guid":{"rendered":"https:\/\/palabra.utec.edu.sv\/?p=380"},"modified":"2023-07-30T13:07:39","modified_gmt":"2023-07-30T19:07:39","slug":"grafismo-es-el-nombre-de-la-edicion-35-del-portafolio-de-estudiantes-de-diseno-grafico","status":"publish","type":"post","link":"https:\/\/lapalabra.utec.edu.sv\/index.php\/grafismo-es-el-nombre-de-la-edicion-35-del-portafolio-de-estudiantes-de-diseno-grafico\/","title":{"rendered":"GrafiSmo es el nombre de la edici\u00f3n 35 del portafolio de estudiantes de dise\u00f1o gr\u00e1fico"},"content":{"rendered":"\n<p><strong>Diferentes plataformas digitales se convirtieron en la sala de exhibici\u00f3n de los estudiantes de dise\u00f1o gr\u00e1fico que forjan su carrera en las aulas de la Utec.<\/strong><\/p>\n\n\n\n<p><em>Wilber Corpe\u00f1o<\/em><br><em>La Palabra Universitaria<\/em><\/p>\n\n\n\n<p>GrafiSmo es el nombre que decidieron darle a la trig\u00e9simo quinta edici\u00f3n del Portafolio en Educaci\u00f3n Superior de los estudiantes del t\u00e9cnico en dise\u00f1o gr\u00e1fico de la Universidad Tecnol\u00f3gica de El Salvador (Utec).<\/p>\n\n\n\n<p>La exposici\u00f3n, que es una recopilaci\u00f3n de sus trabajos desarrollados durante el ciclo en la asignatura Taller de portafolios, ha servido como plataforma de lanzamiento para los 20 estudiantes egresados que forjan su carrera en las aulas de la Utec.<\/p>\n\n\n\n<p>Piezas publicitarias, redise\u00f1o de marcas y pinturas elaboradas con diferentes t\u00e9cnicas han sido algunos de los trabajos que los estudiantes han exhibido ante las diversas audiencias, que estuvieron atentas a las presentaciones virtuales que se han desarrollado en una sola jornada.<\/p>\n\n\n\n<p>Seg\u00fan destaca la coordinadora del \u00e1rea de dise\u00f1o gr\u00e1fico de la casa de estudios superiores, Cecilia M\u00e9ndez de Romero, GrafiSmo se deriva de la pr\u00e1ctica o el arte de dibujar y graficar, por lo tanto, esa acci\u00f3n es parte del quehacer de cualquier profesional del dise\u00f1o gr\u00e1fico.<\/p>\n\n\n\n<p>\u201cEl dise\u00f1ador se encarga de elaborar sus grafismos que luego se convierten en piezas m\u00e1s complejas\u201d, a\u00f1ade la experta.<\/p>\n\n\n\n<p>Del mismo modo destaca que ese concepto tambi\u00e9n hace alusi\u00f3n a que el t\u00e9rmino nos enmarca en la esencia del dise\u00f1o gr\u00e1fico, que se basa en la graficaci\u00f3n de esas ideas totalmente innovadoras y creativas.<\/p>\n\n\n\n<p>Puntualiza que el papel del dise\u00f1ador es esencial en el mundo laboral, pues sin uno de ellos no se podr\u00eda plasmar esas ideas de las empresas que buscan transmitir un mensaje comunicativo mediante dise\u00f1os, logos, publicidad, entre otros.<\/p>\n\n\n\n<p>El portafolio de educaci\u00f3n superior pretende destacar todas aquellas competencias y habilidades y destrezas que el estudiante adquiri\u00f3 en su proceso formativo, que presenta con un documento impreso y digital que se muestra al p\u00fablico.<\/p>\n","protected":false},"excerpt":{"rendered":"<p>Diferentes plataformas digitales se convirtieron en la sala de exhibici\u00f3n de los estudiantes de dise\u00f1o gr\u00e1fico que forjan su carrera en las aulas de la Utec. Wilber Corpe\u00f1oLa Palabra Universitaria GrafiSmo es el nombre que decidieron darle a la trig\u00e9simo quinta edici\u00f3n del Portafolio en Educaci\u00f3n Superior de los estudiantes del t\u00e9cnico en dise\u00f1o gr\u00e1fico&#8230;<\/p>\n","protected":false},"author":1,"featured_media":404,"comment_status":"open","ping_status":"open","sticky":false,"template":"","format":"standard","meta":{"footnotes":""},"categories":[1,7,11],"tags":[103,128,172,106],"class_list":["post-380","post","type-post","status-publish","format-standard","has-post-thumbnail","hentry","category-campus-utec","category-facultades","category-informatica-y-ciencias-aplicadas","tag-diseno-grafico","tag-estudiantes","tag-portafolios","tag-taller"],"_links":{"self":[{"href":"https:\/\/lapalabra.utec.edu.sv\/index.php\/wp-json\/wp\/v2\/posts\/380","targetHints":{"allow":["GET"]}}],"collection":[{"href":"https:\/\/lapalabra.utec.edu.sv\/index.php\/wp-json\/wp\/v2\/posts"}],"about":[{"href":"https:\/\/lapalabra.utec.edu.sv\/index.php\/wp-json\/wp\/v2\/types\/post"}],"author":[{"embeddable":true,"href":"https:\/\/lapalabra.utec.edu.sv\/index.php\/wp-json\/wp\/v2\/users\/1"}],"replies":[{"embeddable":true,"href":"https:\/\/lapalabra.utec.edu.sv\/index.php\/wp-json\/wp\/v2\/comments?post=380"}],"version-history":[{"count":1,"href":"https:\/\/lapalabra.utec.edu.sv\/index.php\/wp-json\/wp\/v2\/posts\/380\/revisions"}],"predecessor-version":[{"id":381,"href":"https:\/\/lapalabra.utec.edu.sv\/index.php\/wp-json\/wp\/v2\/posts\/380\/revisions\/381"}],"wp:featuredmedia":[{"embeddable":true,"href":"https:\/\/lapalabra.utec.edu.sv\/index.php\/wp-json\/wp\/v2\/media\/404"}],"wp:attachment":[{"href":"https:\/\/lapalabra.utec.edu.sv\/index.php\/wp-json\/wp\/v2\/media?parent=380"}],"wp:term":[{"taxonomy":"category","embeddable":true,"href":"https:\/\/lapalabra.utec.edu.sv\/index.php\/wp-json\/wp\/v2\/categories?post=380"},{"taxonomy":"post_tag","embeddable":true,"href":"https:\/\/lapalabra.utec.edu.sv\/index.php\/wp-json\/wp\/v2\/tags?post=380"}],"curies":[{"name":"wp","href":"https:\/\/api.w.org\/{rel}","templated":true}]}}