{"id":3799,"date":"2025-09-05T13:04:08","date_gmt":"2025-09-05T19:04:08","guid":{"rendered":"https:\/\/lapalabra.utec.edu.sv\/?p=3799"},"modified":"2025-09-05T13:04:08","modified_gmt":"2025-09-05T19:04:08","slug":"utec-impulsa-la-educacion-dual-mediante-alianzas-estrategicas-con-el-sector-empresarial","status":"publish","type":"post","link":"https:\/\/lapalabra.utec.edu.sv\/index.php\/utec-impulsa-la-educacion-dual-mediante-alianzas-estrategicas-con-el-sector-empresarial\/","title":{"rendered":"UTEC impulsa la educaci\u00f3n dual mediante alianzas estrat\u00e9gicas con el sector empresarial"},"content":{"rendered":"\n<p class=\"has-text-color has-link-color wp-elements-d71b69c81f2e3e3c9f5e4ad5e54d0147\" style=\"color:#5a1533\"><strong>La actividad busc\u00f3 fortalecer alianzas estrat\u00e9gicas para ofrecer mayores oportunidades profesionales a los estudiantes de Educaci\u00f3n Superior.<\/strong><\/p>\n\n\n\n<p><em>Redacci\u00f3n: Jonathan V\u00e1squez<\/em><br><em>Fotograf\u00eda: Alexander Morales<\/em><br><em>La Palabra Universitaria<\/em><\/p>\n\n\n\n<p>La Universidad Tecnol\u00f3gica de El Salvador (UTEC), a trav\u00e9s de su Direcci\u00f3n de Relaciones Internacionales, llev\u00f3 a cabo el Desayuno Empresarial en el marco del lanzamiento del proyecto <em>Fortalecimiento de capacidades para la implementaci\u00f3n de la educaci\u00f3n dual en la educaci\u00f3n superior de El Salvador (DUALES)<\/em>. <\/p>\n\n\n\n<p>La iniciativa tiene como objetivo vincular a la academia con el sector empresarial, ampliando as\u00ed las oportunidades profesionales para los estudiantes.<\/p>\n\n\n<div class=\"wp-block-image\">\n<figure class=\"alignleft size-full\"><img loading=\"lazy\" decoding=\"async\" width=\"400\" height=\"224\" src=\"https:\/\/lapalabra.utec.edu.sv\/wp-content\/uploads\/2025\/09\/proyecto-duales2.jpg\" alt=\"\" class=\"wp-image-3801\" srcset=\"https:\/\/lapalabra.utec.edu.sv\/wp-content\/uploads\/2025\/09\/proyecto-duales2.jpg 400w, https:\/\/lapalabra.utec.edu.sv\/wp-content\/uploads\/2025\/09\/proyecto-duales2-300x168.jpg 300w\" sizes=\"auto, (max-width: 400px) 100vw, 400px\" \/><\/figure>\n<\/div>\n\n\n<p>El encuentro reuni\u00f3 a representantes de la universidad, empresas y distintas instituciones nacionales. Durante la jornada se desarrollaron ponencias como <em>Comunicaci\u00f3n multigeneracional<\/em>, a cargo del Mtro. Abelino Guzm\u00e1n; <em>Metas y visi\u00f3n del proyecto DUALES<\/em>, presentada por la Dra. Blanca Ruth Orantes, directora de Relaciones Internacionales de la UTEC; y <em>AHK: negocios en Alemania<\/em>, impartida por la Sra. Angelika Cristoph, de la C\u00e1mara de Industria y Comercio Alemana en El Salvador.<\/p>\n\n\n\n<p>El evento congreg\u00f3 a 55 medianas y grandes empresas, as\u00ed como a autoridades universitarias, entre ellas la decana de la Facultad de Ciencias Empresariales, Lissette Cristalina Canales,  y representantes de instituciones nacionales, como Christian Aparicio, director nacional de Educaci\u00f3n Superior de El Salvador.<\/p>\n\n\n\n<p>Con este proyecto, la UTEC reafirma su compromiso de promover la cooperaci\u00f3n entre universidad y empresa, consolid\u00e1ndola como una estrategia clave para la formaci\u00f3n profesional y el desarrollo econ\u00f3mico del pa\u00eds.<\/p>\n","protected":false},"excerpt":{"rendered":"<p>La actividad busc\u00f3 fortalecer alianzas estrat\u00e9gicas para ofrecer mayores oportunidades profesionales a los estudiantes de Educaci\u00f3n Superior. Redacci\u00f3n: Jonathan V\u00e1squezFotograf\u00eda: Alexander MoralesLa Palabra Universitaria La Universidad Tecnol\u00f3gica de El Salvador (UTEC), a trav\u00e9s de su Direcci\u00f3n de Relaciones Internacionales, llev\u00f3 a cabo el Desayuno Empresarial en el marco del lanzamiento del proyecto Fortalecimiento de capacidades&#8230;<\/p>\n","protected":false},"author":1,"featured_media":3800,"comment_status":"open","ping_status":"open","sticky":false,"template":"","format":"standard","meta":{"footnotes":""},"categories":[1,6],"tags":[716,715,718],"class_list":["post-3799","post","type-post","status-publish","format-standard","has-post-thumbnail","hentry","category-campus-utec","category-en-la-academia","tag-desayuno-empresarial","tag-direccion-de-relaciones-internacionales","tag-proyecto-duales"],"_links":{"self":[{"href":"https:\/\/lapalabra.utec.edu.sv\/index.php\/wp-json\/wp\/v2\/posts\/3799","targetHints":{"allow":["GET"]}}],"collection":[{"href":"https:\/\/lapalabra.utec.edu.sv\/index.php\/wp-json\/wp\/v2\/posts"}],"about":[{"href":"https:\/\/lapalabra.utec.edu.sv\/index.php\/wp-json\/wp\/v2\/types\/post"}],"author":[{"embeddable":true,"href":"https:\/\/lapalabra.utec.edu.sv\/index.php\/wp-json\/wp\/v2\/users\/1"}],"replies":[{"embeddable":true,"href":"https:\/\/lapalabra.utec.edu.sv\/index.php\/wp-json\/wp\/v2\/comments?post=3799"}],"version-history":[{"count":1,"href":"https:\/\/lapalabra.utec.edu.sv\/index.php\/wp-json\/wp\/v2\/posts\/3799\/revisions"}],"predecessor-version":[{"id":3802,"href":"https:\/\/lapalabra.utec.edu.sv\/index.php\/wp-json\/wp\/v2\/posts\/3799\/revisions\/3802"}],"wp:featuredmedia":[{"embeddable":true,"href":"https:\/\/lapalabra.utec.edu.sv\/index.php\/wp-json\/wp\/v2\/media\/3800"}],"wp:attachment":[{"href":"https:\/\/lapalabra.utec.edu.sv\/index.php\/wp-json\/wp\/v2\/media?parent=3799"}],"wp:term":[{"taxonomy":"category","embeddable":true,"href":"https:\/\/lapalabra.utec.edu.sv\/index.php\/wp-json\/wp\/v2\/categories?post=3799"},{"taxonomy":"post_tag","embeddable":true,"href":"https:\/\/lapalabra.utec.edu.sv\/index.php\/wp-json\/wp\/v2\/tags?post=3799"}],"curies":[{"name":"wp","href":"https:\/\/api.w.org\/{rel}","templated":true}]}}