{"id":3472,"date":"2025-06-27T16:23:56","date_gmt":"2025-06-27T22:23:56","guid":{"rendered":"https:\/\/lapalabra.utec.edu.sv\/?p=3472"},"modified":"2025-06-27T16:23:56","modified_gmt":"2025-06-27T22:23:56","slug":"utec-abre-inscripciones-para-diplomados-que-inician-en-julio-de-2025","status":"publish","type":"post","link":"https:\/\/lapalabra.utec.edu.sv\/index.php\/utec-abre-inscripciones-para-diplomados-que-inician-en-julio-de-2025\/","title":{"rendered":"UTEC abre inscripciones para diplomados que inician en julio de 2025"},"content":{"rendered":"\n<p class=\"has-text-color has-link-color wp-elements-dbdd7af533ffea2f3e4062b2cfbeb19b\" style=\"color:#5a1533\"><strong>Los diplomados est\u00e1n dirigidos al p\u00fablico externo, as\u00ed como a estudiantes egresados o graduados de la UTEC. Su finalidad es capacitar y dotar a los profesionales de nuevos conocimientos y habilidades.<\/strong><\/p>\n\n\n\n<p><em>Redacci\u00f3n: Jonathan V\u00e1squez<br>La Palabra Universitaria<\/em><\/p>\n\n\n\n<p>En su compromiso por brindar una educaci\u00f3n continua y de calidad, la Universidad Tecnol\u00f3gica de El Salvador (UTEC) ha abierto las inscripciones para diversos <strong>diplomados<\/strong> que iniciar\u00e1n durante el mes de <strong>julio de 2025<\/strong>. Estas ofertas est\u00e1n dirigidas tanto al p\u00fablico en general como a egresados y graduados de la instituci\u00f3n, con el objetivo de fortalecer sus habilidades y conocimientos.<\/p>\n\n\n\n<p>Para quienes se apasionan por la fotograf\u00eda, se ha habilitado el diplomado <strong>\u201cPosproducci\u00f3n fotogr\u00e1fica con Lightroom y Photoshop\u201d<\/strong>, que se impartir\u00e1 de forma <strong>presencial los s\u00e1bados<\/strong>, iniciando el <strong>19 de julio<\/strong> y finalizando el <strong>16 de agosto<\/strong>. El costo total es de <strong>\\$75.00<\/strong>.<\/p>\n\n\n\n<p>Asimismo, las personas interesadas en nuevas formas de ense\u00f1anza que integren mente, emoci\u00f3n y movimiento podr\u00e1n inscribirse en el diplomado <strong>\u201cLa Pedagog\u00eda del cuerpo\u201d<\/strong>, que se impartir\u00e1 en modalidad <strong>semipresencial los s\u00e1bados<\/strong>, del <strong>5 al 26 de julio<\/strong>. El costo es de <strong>\\$120.00 para externos<\/strong> y de <strong>\\$100.00 para egresados o graduados de la UTEC<\/strong>.<\/p>\n\n\n\n<p>Con el fin de potenciar las habilidades comunicativas en un segundo idioma, tambi\u00e9n se desarrollar\u00e1 el diplomado <strong>\u201cTest of English for International Communication (TOEIC)\u201d<\/strong>, en modalidad <strong>semipresencial<\/strong>, del <strong>5 de julio al 13 de septiembre<\/strong>. Los <strong>participantes externos<\/strong> deber\u00e1n cancelar <strong>dos cuotas de \\$75.00<\/strong>, mientras que <strong>egresados o graduados UTEC<\/strong> pagar\u00e1n <strong>dos cuotas de \\$56.00<\/strong>. Al finalizar, cada participante recibir\u00e1 una <strong>certificaci\u00f3n oficial<\/strong>.<\/p>\n\n\n\n<p>Cada diplomado ser\u00e1 impartido por profesionales especializados en sus respectivas \u00e1reas, quienes utilizar\u00e1n diversas metodolog\u00edas para facilitar el aprendizaje y el desarrollo de habilidades pr\u00e1cticas. Estas capacitaciones representan una oportunidad para seguir creciendo en un entorno competitivo y en constante transformaci\u00f3n.<\/p>\n","protected":false},"excerpt":{"rendered":"<p>Los diplomados est\u00e1n dirigidos al p\u00fablico externo, as\u00ed como a estudiantes egresados o graduados de la UTEC. Su finalidad es capacitar y dotar a los profesionales de nuevos conocimientos y habilidades. Redacci\u00f3n: Jonathan V\u00e1squezLa Palabra Universitaria En su compromiso por brindar una educaci\u00f3n continua y de calidad, la Universidad Tecnol\u00f3gica de El Salvador (UTEC) ha&#8230;<\/p>\n","protected":false},"author":1,"featured_media":3473,"comment_status":"open","ping_status":"open","sticky":false,"template":"","format":"standard","meta":{"footnotes":""},"categories":[2,1],"tags":[289,128],"class_list":["post-3472","post","type-post","status-publish","format-standard","has-post-thumbnail","hentry","category-capacitaciones-utec","category-campus-utec","tag-diplomados","tag-estudiantes"],"_links":{"self":[{"href":"https:\/\/lapalabra.utec.edu.sv\/index.php\/wp-json\/wp\/v2\/posts\/3472","targetHints":{"allow":["GET"]}}],"collection":[{"href":"https:\/\/lapalabra.utec.edu.sv\/index.php\/wp-json\/wp\/v2\/posts"}],"about":[{"href":"https:\/\/lapalabra.utec.edu.sv\/index.php\/wp-json\/wp\/v2\/types\/post"}],"author":[{"embeddable":true,"href":"https:\/\/lapalabra.utec.edu.sv\/index.php\/wp-json\/wp\/v2\/users\/1"}],"replies":[{"embeddable":true,"href":"https:\/\/lapalabra.utec.edu.sv\/index.php\/wp-json\/wp\/v2\/comments?post=3472"}],"version-history":[{"count":1,"href":"https:\/\/lapalabra.utec.edu.sv\/index.php\/wp-json\/wp\/v2\/posts\/3472\/revisions"}],"predecessor-version":[{"id":3474,"href":"https:\/\/lapalabra.utec.edu.sv\/index.php\/wp-json\/wp\/v2\/posts\/3472\/revisions\/3474"}],"wp:featuredmedia":[{"embeddable":true,"href":"https:\/\/lapalabra.utec.edu.sv\/index.php\/wp-json\/wp\/v2\/media\/3473"}],"wp:attachment":[{"href":"https:\/\/lapalabra.utec.edu.sv\/index.php\/wp-json\/wp\/v2\/media?parent=3472"}],"wp:term":[{"taxonomy":"category","embeddable":true,"href":"https:\/\/lapalabra.utec.edu.sv\/index.php\/wp-json\/wp\/v2\/categories?post=3472"},{"taxonomy":"post_tag","embeddable":true,"href":"https:\/\/lapalabra.utec.edu.sv\/index.php\/wp-json\/wp\/v2\/tags?post=3472"}],"curies":[{"name":"wp","href":"https:\/\/api.w.org\/{rel}","templated":true}]}}