{"id":3206,"date":"2025-04-25T12:53:00","date_gmt":"2025-04-25T18:53:00","guid":{"rendered":"https:\/\/lapalabra.utec.edu.sv\/?p=3206"},"modified":"2025-04-25T12:53:00","modified_gmt":"2025-04-25T18:53:00","slug":"voces-femeninas-de-la-poesia-salvadorena-cautivan-a-estudiantes","status":"publish","type":"post","link":"https:\/\/lapalabra.utec.edu.sv\/index.php\/voces-femeninas-de-la-poesia-salvadorena-cautivan-a-estudiantes\/","title":{"rendered":"Voces femeninas de la poes\u00eda salvadore\u00f1a cautivan a estudiantes"},"content":{"rendered":"\n<p class=\"has-text-color has-link-color wp-elements-9fc37c72384929e724b5f55cbdbca04d\" style=\"color:#5a1533\"><strong>En el marco del D\u00eda Internacional del Libro, dos poetas salvadore\u00f1as compartieron su obra con estudiantes universitarios, en una jornada que celebr\u00f3 la palabra escrita y el aporte de las mujeres a la literatura nacional.<\/strong><\/p>\n\n\n\n<p><em>Redacci\u00f3n y fotograf\u00eda:<br>Jonathan V\u00e1squez<br>La Palabra Universitaria<\/em><\/p>\n\n\n\n<p>Con motivo del D\u00eda Internacional del Libro, la Facultad de Ciencias Sociales de la Universidad Tecnol\u00f3gica de El Salvador (UTEC), junto con la C\u00e1tedra Ind\u00edgena N\u00e1huat, la Escuela de Idiomas y el Departamento de Castellano, organizaron la conferencia Dos mujeres en la poes\u00eda salvadore\u00f1a contempor\u00e1nea.<\/p>\n\n\n\n<p>Como invitadas especiales participaron las poetas, Ana Delmy Amaya Aguilar, quien present\u00f3 su obra Mi voz en el costado del tiempo, y Martha Arias, con su poemario Discurso contra el silencio heredado.<\/p>\n\n\n\n<p>\u201cEs un conjunto de poemas estructurados, con las partes de un discurso, mediante los cuales pretendo dar a conocer ciertos temas relacionados con la vida, con la existencia, con la realidad desde el punto de vista ir\u00f3nico y reflexivo\u201d, expres\u00f3 Martha Arias al describir su trabajo.<\/p>\n\n\n\n<p>Los estudiantes, con una precisa atenci\u00f3n, disfrutaron de cada palabra plasmada en los libros de las poetas salvadore\u00f1as.<\/p>\n\n\n\n<p>De acuerdo con la coordinadora de la C\u00e1tedra Ind\u00edgena N\u00e1huat, Morena Guadalupe Maga\u00f1a, esta actividad naci\u00f3 con el objetivo de fomentar la lectura y promover la visibilidad de las autoras. Asimismo, celebrar la diversidad literaria y resaltar el aporte de las mujeres en la literatura nacional e internacional.<\/p>\n\n\n\n<p>Este evento se desarroll\u00f3 en el marco del D\u00eda Internacional del Libro y el derecho de Autor celebrado cada 23 de abril desde 1995.<\/p>\n\n\n\n<p><strong>Perfil de las autoras<\/strong><\/p>\n\n\n\n<p><strong>Ana Delmy Amaya Aguilar<\/strong><br>Poeta y escritora originaria de Sensuntepeque, Caba\u00f1as. En 2014, el Concejo Municipal de Ayacucho, Venezuela, le otorg\u00f3 Menci\u00f3n de Honor al M\u00e9rito, como Hacedora Cultural de nacionalidad salvadore\u00f1a.<\/p>\n\n\n\n<p>En 2019, gan\u00f3 el primer lugar en el XVIII Certamen Internacional de Poes\u00eda en Buenos Aires, Argentina. Asimismo, fue reconocida como \u201cMujer Artista\u201d por la Asamblea Legislativa en el marco del D\u00eda Internacional de la Mujer.<\/p>\n\n\n\n<p><strong>Martha Arias<\/strong><br>Nacida en San Juli\u00e1n, Sonsonate, es poeta, escritora, editora y docente. Su bibliograf\u00eda publicada est\u00e1 compuesta por una colecci\u00f3n de cinco libros de texto de \u201cLenguaje y Literatura\u201d para Tercer Ciclo y Bachillerato. Competencia Ortogr\u00e1fica en dos tomos; Lecturas Filos\u00f3ficas Selectas, y los poemarios Prontuario de m\u00ed, Se\u00f1al de Rebeld\u00eda, entre otros.<\/p>\n\n\n\n<p>En reconocimiento a su destacada labor como educadora, la municipalidad de su ciudad natal la nomin\u00f3 en el 2017 como \u201cHija Merit\u00edsima de San Juli\u00e1n\u201d.<\/p>\n","protected":false},"excerpt":{"rendered":"<p>En el marco del D\u00eda Internacional del Libro, dos poetas salvadore\u00f1as compartieron su obra con estudiantes universitarios, en una jornada que celebr\u00f3 la palabra escrita y el aporte de las mujeres a la literatura nacional. Redacci\u00f3n y fotograf\u00eda:Jonathan V\u00e1squezLa Palabra Universitaria Con motivo del D\u00eda Internacional del Libro, la Facultad de Ciencias Sociales de la&#8230;<\/p>\n","protected":false},"author":1,"featured_media":3207,"comment_status":"open","ping_status":"open","sticky":false,"template":"","format":"standard","meta":{"footnotes":""},"categories":[15],"tags":[96,95,55,320],"class_list":["post-3206","post","type-post","status-publish","format-standard","has-post-thumbnail","hentry","category-claroscuro","tag-catedra-indigena-nahuat","tag-escuela-de-idiomas","tag-facultad-de-ciencia-sociales","tag-poesia"],"_links":{"self":[{"href":"https:\/\/lapalabra.utec.edu.sv\/index.php\/wp-json\/wp\/v2\/posts\/3206","targetHints":{"allow":["GET"]}}],"collection":[{"href":"https:\/\/lapalabra.utec.edu.sv\/index.php\/wp-json\/wp\/v2\/posts"}],"about":[{"href":"https:\/\/lapalabra.utec.edu.sv\/index.php\/wp-json\/wp\/v2\/types\/post"}],"author":[{"embeddable":true,"href":"https:\/\/lapalabra.utec.edu.sv\/index.php\/wp-json\/wp\/v2\/users\/1"}],"replies":[{"embeddable":true,"href":"https:\/\/lapalabra.utec.edu.sv\/index.php\/wp-json\/wp\/v2\/comments?post=3206"}],"version-history":[{"count":1,"href":"https:\/\/lapalabra.utec.edu.sv\/index.php\/wp-json\/wp\/v2\/posts\/3206\/revisions"}],"predecessor-version":[{"id":3208,"href":"https:\/\/lapalabra.utec.edu.sv\/index.php\/wp-json\/wp\/v2\/posts\/3206\/revisions\/3208"}],"wp:featuredmedia":[{"embeddable":true,"href":"https:\/\/lapalabra.utec.edu.sv\/index.php\/wp-json\/wp\/v2\/media\/3207"}],"wp:attachment":[{"href":"https:\/\/lapalabra.utec.edu.sv\/index.php\/wp-json\/wp\/v2\/media?parent=3206"}],"wp:term":[{"taxonomy":"category","embeddable":true,"href":"https:\/\/lapalabra.utec.edu.sv\/index.php\/wp-json\/wp\/v2\/categories?post=3206"},{"taxonomy":"post_tag","embeddable":true,"href":"https:\/\/lapalabra.utec.edu.sv\/index.php\/wp-json\/wp\/v2\/tags?post=3206"}],"curies":[{"name":"wp","href":"https:\/\/api.w.org\/{rel}","templated":true}]}}