{"id":3198,"date":"2025-04-25T11:52:56","date_gmt":"2025-04-25T17:52:56","guid":{"rendered":"https:\/\/lapalabra.utec.edu.sv\/?p=3198"},"modified":"2025-04-25T15:40:43","modified_gmt":"2025-04-25T21:40:43","slug":"la-voz-de-los-ancestros-resuena-en-instrumentos-autoctonos-de-el-salvador","status":"publish","type":"post","link":"https:\/\/lapalabra.utec.edu.sv\/index.php\/la-voz-de-los-ancestros-resuena-en-instrumentos-autoctonos-de-el-salvador\/","title":{"rendered":"La voz de los ancestros resuena en instrumentos aut\u00f3ctonos de El Salvador"},"content":{"rendered":"\n<p class=\"has-text-color has-link-color wp-elements-af9185c73251176d0006db9bfacfb9fe\" style=\"color:#5a1533\"><strong>Aunque hay esfuerzos por preservar los instrumentos musicales aut\u00f3ctonos de El Salvador, el n\u00famero de personas que los ejecuta ha disminuido con el tiempo, seg\u00fan revela una investigaci\u00f3n presentada en la UTEC.<\/strong><\/p>\n\n\n\n<p><em>Redacci\u00f3n y fotograf\u00eda<br>Jonathan V\u00e1squez<br>La Palabra Universitaria<\/em><\/p>\n\n\n\n<p>El periodista, docente universitario y etnomusic\u00f3logo, Juan Miguel Mart\u00ednez, present\u00f3 a estudiantes de la Universidad Tecnol\u00f3gica de El Salvador (UTEC) su investigaci\u00f3n titulada La Voz de los Ancestros, centrada en el uso y preservaci\u00f3n de instrumentos musicales originarios del pa\u00eds.<\/p>\n\n\n\n<p>De acuerdo con el investigador, durante tres a\u00f1os se recopil\u00f3 informaci\u00f3n de al menos 20 instrumentos, entre ellos el teponahuaste de percusi\u00f3n, el pito, el tambor, la zambumba y el sacabuche, que es un instrumento de viento.<\/p>\n\n\n\n<p>Las conclusiones apuntan a que ha disminuido la ejecuci\u00f3n de estos instrumentos. \u201cHemos encontrado que s\u00ed se siguen utilizando los instrumentos, pero no al cien por ciento, son realmente pocas las personas que saben del uso y manejo de estos instrumentos, que algunos tratan de mantener o darlos a conocer\u201d, afirm\u00f3 Mart\u00ednez.<\/p>\n\n\n<div class=\"wp-block-image\">\n<figure class=\"alignleft size-full\"><img loading=\"lazy\" decoding=\"async\" width=\"400\" height=\"299\" src=\"https:\/\/lapalabra.utec.edu.sv\/wp-content\/uploads\/2025\/04\/instrumentos2.jpg\" alt=\"\" class=\"wp-image-3199\" srcset=\"https:\/\/lapalabra.utec.edu.sv\/wp-content\/uploads\/2025\/04\/instrumentos2.jpg 400w, https:\/\/lapalabra.utec.edu.sv\/wp-content\/uploads\/2025\/04\/instrumentos2-300x224.jpg 300w\" sizes=\"auto, (max-width: 400px) 100vw, 400px\" \/><\/figure>\n<\/div>\n\n\n<p>Durante la presentaci\u00f3n, los asistentes pudieron escuchar y experimentar la ejecuci\u00f3n de estos instrumentos, fomentando as\u00ed el contacto directo con la herencia sonora ancestral. Igualmente, tuvieron la oportunidad de hacerlo ellos mismos.<\/p>\n\n\n\n<p>La actividad fue organizada por la Facultad de Ciencias Sociales con la C\u00e1tedra Ind\u00edgena N\u00e1huat, la Escuela de Idiomas y el departamento de Castellano, en el marco del D\u00eda Internacional de la Madre Tierra, celebrado cada 22 de abril.<\/p>\n\n\n\n<p>La coordinadora de la c\u00e1tedra, Morena Guadalupe Maga\u00f1a, expres\u00f3 la importancia de estos conocimientos para la poblaci\u00f3n acad\u00e9mica. \u201cPor medio de la expresi\u00f3n cultural los estudiantes pueden visibilizar esa sabidur\u00eda ancestral y tambi\u00e9n pueden ser gestores de recursos naturales, promover la conciencia y la interconexi\u00f3n de la naturaleza y de la cultura, de la m\u00fasica, de la danza con el medio ambiente\u201d.<\/p>\n","protected":false},"excerpt":{"rendered":"<p>Aunque hay esfuerzos por preservar los instrumentos musicales aut\u00f3ctonos de El Salvador, el n\u00famero de personas que los ejecuta ha disminuido con el tiempo, seg\u00fan revela una investigaci\u00f3n presentada en la UTEC. Redacci\u00f3n y fotograf\u00edaJonathan V\u00e1squezLa Palabra Universitaria El periodista, docente universitario y etnomusic\u00f3logo, Juan Miguel Mart\u00ednez, present\u00f3 a estudiantes de la Universidad Tecnol\u00f3gica de&#8230;<\/p>\n","protected":false},"author":1,"featured_media":3200,"comment_status":"open","ping_status":"open","sticky":false,"template":"","format":"standard","meta":{"footnotes":""},"categories":[1],"tags":[96,29,95,55],"class_list":["post-3198","post","type-post","status-publish","format-standard","has-post-thumbnail","hentry","category-campus-utec","tag-catedra-indigena-nahuat","tag-conferencia","tag-escuela-de-idiomas","tag-facultad-de-ciencia-sociales"],"_links":{"self":[{"href":"https:\/\/lapalabra.utec.edu.sv\/index.php\/wp-json\/wp\/v2\/posts\/3198","targetHints":{"allow":["GET"]}}],"collection":[{"href":"https:\/\/lapalabra.utec.edu.sv\/index.php\/wp-json\/wp\/v2\/posts"}],"about":[{"href":"https:\/\/lapalabra.utec.edu.sv\/index.php\/wp-json\/wp\/v2\/types\/post"}],"author":[{"embeddable":true,"href":"https:\/\/lapalabra.utec.edu.sv\/index.php\/wp-json\/wp\/v2\/users\/1"}],"replies":[{"embeddable":true,"href":"https:\/\/lapalabra.utec.edu.sv\/index.php\/wp-json\/wp\/v2\/comments?post=3198"}],"version-history":[{"count":1,"href":"https:\/\/lapalabra.utec.edu.sv\/index.php\/wp-json\/wp\/v2\/posts\/3198\/revisions"}],"predecessor-version":[{"id":3201,"href":"https:\/\/lapalabra.utec.edu.sv\/index.php\/wp-json\/wp\/v2\/posts\/3198\/revisions\/3201"}],"wp:featuredmedia":[{"embeddable":true,"href":"https:\/\/lapalabra.utec.edu.sv\/index.php\/wp-json\/wp\/v2\/media\/3200"}],"wp:attachment":[{"href":"https:\/\/lapalabra.utec.edu.sv\/index.php\/wp-json\/wp\/v2\/media?parent=3198"}],"wp:term":[{"taxonomy":"category","embeddable":true,"href":"https:\/\/lapalabra.utec.edu.sv\/index.php\/wp-json\/wp\/v2\/categories?post=3198"},{"taxonomy":"post_tag","embeddable":true,"href":"https:\/\/lapalabra.utec.edu.sv\/index.php\/wp-json\/wp\/v2\/tags?post=3198"}],"curies":[{"name":"wp","href":"https:\/\/api.w.org\/{rel}","templated":true}]}}