{"id":3175,"date":"2025-04-11T09:55:57","date_gmt":"2025-04-11T15:55:57","guid":{"rendered":"https:\/\/lapalabra.utec.edu.sv\/?p=3175"},"modified":"2025-04-11T09:55:57","modified_gmt":"2025-04-11T15:55:57","slug":"presentan-investigacion-sobre-factores-psicologicos-relacionados-con-el-burnout-academico","status":"publish","type":"post","link":"https:\/\/lapalabra.utec.edu.sv\/index.php\/presentan-investigacion-sobre-factores-psicologicos-relacionados-con-el-burnout-academico\/","title":{"rendered":"Presentan investigaci\u00f3n sobre factores psicol\u00f3gicos relacionados con el burnout acad\u00e9mico"},"content":{"rendered":"\n<p class=\"has-text-color has-link-color wp-elements-26136f6d49539f6e0a375c008c83806b\" style=\"color:#5a1533\"><strong>La actividad busc\u00f3 ofrecer herramientas para prevenir el agotamiento emocional y promover el bienestar integral.<\/strong><\/p>\n\n\n\n<p><em>Manuel Vega<br>Fotograf\u00eda: Miguel Castillo<br>La Palabra Universitaria<\/em><\/p>\n\n\n\n<p>Estudiantes y docentes participaron en una conferencia dedicada al estudio del s\u00edndrome de burnout acad\u00e9mico, en el marco del D\u00eda Mundial de la Salud, que se conmemora cada 7 de abril.<\/p>\n\n\n\n<p>La investigaci\u00f3n, titulada Factores psicol\u00f3gicos relacionados con el burnout acad\u00e9mico en una muestra universitaria salvadore\u00f1a, fue presentada por el investigador Marlon Lobos y la docente Ang\u00e9lica Flores, ambos profesionales de la Universidad Tecnol\u00f3gica de El Salvador (UTEC).<\/p>\n\n\n\n<p>El objetivo principal de la conferencia fue generar conciencia entre estudiantes y docentes sobre la importancia de detectar las se\u00f1ales del burnout: agotamiento emocional, desmotivaci\u00f3n y estr\u00e9s acad\u00e9mico. Asimismo, se busc\u00f3 brindar herramientas para prevenir sus efectos en la salud mental.<\/p>\n\n\n\n<p>La investigaci\u00f3n abord\u00f3 una problem\u00e1tica muchas veces ignorada en el entorno acad\u00e9mico. \u201cReconocer el impacto del burnout en el bienestar y el rendimiento acad\u00e9mico es esencial. Esperamos que esta actividad inspire a estudiantes y docentes a trabajar juntos para transformar esta realidad\u201d, expresaron los ponentes durante su intervenci\u00f3n.<\/p>\n\n\n\n<p>La conferencia dio inicio a la Semana de la Salud UTEC, organizada por la Vicerrector\u00eda de Investigaci\u00f3n y Proyecci\u00f3n Social, en coordinaci\u00f3n con la Facultad de Ciencias Sociales y la Escuela de Psicolog\u00eda.<\/p>\n\n\n\n<p>Con iniciativas como esta, la Universidad Tecnol\u00f3gica de El Salvador reafirma su compromiso con la salud integral de su comunidad universitaria, promoviendo espacios de reflexi\u00f3n y acci\u00f3n frente a los desaf\u00edos que enfrentan estudiantes y docentes en su formaci\u00f3n acad\u00e9mica.<\/p>\n\n\n\n<p><\/p>\n","protected":false},"excerpt":{"rendered":"<p>La actividad busc\u00f3 ofrecer herramientas para prevenir el agotamiento emocional y promover el bienestar integral. Manuel VegaFotograf\u00eda: Miguel CastilloLa Palabra Universitaria Estudiantes y docentes participaron en una conferencia dedicada al estudio del s\u00edndrome de burnout acad\u00e9mico, en el marco del D\u00eda Mundial de la Salud, que se conmemora cada 7 de abril. La investigaci\u00f3n, titulada&#8230;<\/p>\n","protected":false},"author":1,"featured_media":3176,"comment_status":"open","ping_status":"open","sticky":false,"template":"","format":"standard","meta":{"footnotes":""},"categories":[9,1,7,48],"tags":[147,55,120,49],"class_list":["post-3175","post","type-post","status-publish","format-standard","has-post-thumbnail","hentry","category-ciencias-sociales","category-campus-utec","category-facultades","category-investigaciones","tag-escuela-de-psicologia","tag-facultad-de-ciencia-sociales","tag-investigacion","tag-vicerrectoria-de-investigacion"],"_links":{"self":[{"href":"https:\/\/lapalabra.utec.edu.sv\/index.php\/wp-json\/wp\/v2\/posts\/3175","targetHints":{"allow":["GET"]}}],"collection":[{"href":"https:\/\/lapalabra.utec.edu.sv\/index.php\/wp-json\/wp\/v2\/posts"}],"about":[{"href":"https:\/\/lapalabra.utec.edu.sv\/index.php\/wp-json\/wp\/v2\/types\/post"}],"author":[{"embeddable":true,"href":"https:\/\/lapalabra.utec.edu.sv\/index.php\/wp-json\/wp\/v2\/users\/1"}],"replies":[{"embeddable":true,"href":"https:\/\/lapalabra.utec.edu.sv\/index.php\/wp-json\/wp\/v2\/comments?post=3175"}],"version-history":[{"count":1,"href":"https:\/\/lapalabra.utec.edu.sv\/index.php\/wp-json\/wp\/v2\/posts\/3175\/revisions"}],"predecessor-version":[{"id":3177,"href":"https:\/\/lapalabra.utec.edu.sv\/index.php\/wp-json\/wp\/v2\/posts\/3175\/revisions\/3177"}],"wp:featuredmedia":[{"embeddable":true,"href":"https:\/\/lapalabra.utec.edu.sv\/index.php\/wp-json\/wp\/v2\/media\/3176"}],"wp:attachment":[{"href":"https:\/\/lapalabra.utec.edu.sv\/index.php\/wp-json\/wp\/v2\/media?parent=3175"}],"wp:term":[{"taxonomy":"category","embeddable":true,"href":"https:\/\/lapalabra.utec.edu.sv\/index.php\/wp-json\/wp\/v2\/categories?post=3175"},{"taxonomy":"post_tag","embeddable":true,"href":"https:\/\/lapalabra.utec.edu.sv\/index.php\/wp-json\/wp\/v2\/tags?post=3175"}],"curies":[{"name":"wp","href":"https:\/\/api.w.org\/{rel}","templated":true}]}}