{"id":3025,"date":"2025-03-14T16:06:40","date_gmt":"2025-03-14T22:06:40","guid":{"rendered":"https:\/\/lapalabra.utec.edu.sv\/?p=3025"},"modified":"2025-03-14T16:06:40","modified_gmt":"2025-03-14T22:06:40","slug":"catedra-de-genero-cumple-15-anos-de-trabajo-por-la-igualdad","status":"publish","type":"post","link":"https:\/\/lapalabra.utec.edu.sv\/index.php\/catedra-de-genero-cumple-15-anos-de-trabajo-por-la-igualdad\/","title":{"rendered":"C\u00e1tedra de G\u00e9nero cumple 15 a\u00f1os de trabajo por la igualdad"},"content":{"rendered":"\n<p class=\"has-text-color has-link-color wp-elements-030b97c5aff3af05576ce92ed56939b2\" style=\"color:#5a1533\"><strong>Excoordinadoras se re\u00fanen para conmemorar el aniversario, compartiendo experiencias y reflexionando sobre los avances y desaf\u00edos en la b\u00fasqueda de la equidad de g\u00e9nero.<\/strong><\/p>\n\n\n\n<p><em>Elida Ochoa<br>Fotograf\u00edas: Alexander Morales<br>La Palabra Universitaria<\/em><\/p>\n\n\n\n<p>La Facultad de Ciencias Sociales de la Universidad Tecnol\u00f3gica de El Salvador (UTEC) celebr\u00f3 los 15 a\u00f1os de la C\u00e1tedra de G\u00e9nero, con un conversatorio denominado Compartiendo experiencias.<\/p>\n\n\n\n<p>En el evento participaron como panelistas tres mujeres fundamentales para este proyecto: Martha Vel\u00e1squez, Diana Barrera y Jennyfer Tejada, excoordinadoras de la c\u00e1tedra. La moderaci\u00f3n estuvo a cargo de Nancy Cortez, actual coordinadora.<br>Durante el evento compartieron sus experiencias y los momentos que marcaron sus vidas a lo largo de su trayectoria en la ense\u00f1anza, dejando un legado para quienes deseen seguir sus pasos y contribuir a la construcci\u00f3n de un futuro m\u00e1s equitativo.<\/p>\n\n\n\n<p><strong>Promoci\u00f3n de la equidad de g\u00e9nero<br><\/strong>Dicha c\u00e1tedra fortalece el proceso de formaci\u00f3n de los estudiantes, abordando diversos ejes de trabajo que han dejado huella. Su incansable labor en la promoci\u00f3n de la equidad y la sensibilizaci\u00f3n sobre la prevenci\u00f3n de la violencia contra la mujer ha favorecido a la construcci\u00f3n de una sociedad m\u00e1s justa, equitativa e inclusiva.<\/p>\n\n\n\n<p>La C\u00e1tedra de G\u00e9nero se fundamenta en ejes clave que, a lo largo del tiempo, han sido ajustados para responder a la realidad actual. Estos ejes est\u00e1n alineados con los Objetivos de Desarrollo Sostenible (ODS), espec\u00edficamente con el n\u00famero cinco, Igualdad de G\u00e9nero, que busca eliminar todas las formas de discriminaci\u00f3n contra mujeres y ni\u00f1as. Este objetivo no solo representa un derecho humano fundamental, sino que tambi\u00e9n es esencial para el desarrollo.<\/p>\n\n\n\n<p>Asimismo, el ODS 10: Reducci\u00f3n de las Desigualdades, tiene como fin principal frenar el aumento de las disparidades, adoptando pol\u00edticas s\u00f3lidas que empoderen a las personas de bajos ingresos y promoviendo la inclusi\u00f3n econ\u00f3mica de todas las personas, sin distinci\u00f3n de g\u00e9nero, etnia o identidad.<\/p>\n\n\n<div class=\"wp-block-image\">\n<figure class=\"alignright size-full\"><img loading=\"lazy\" decoding=\"async\" width=\"400\" height=\"270\" src=\"https:\/\/lapalabra.utec.edu.sv\/wp-content\/uploads\/2025\/03\/arely-parada.jpg\" alt=\"\" class=\"wp-image-3027\" srcset=\"https:\/\/lapalabra.utec.edu.sv\/wp-content\/uploads\/2025\/03\/arely-parada.jpg 400w, https:\/\/lapalabra.utec.edu.sv\/wp-content\/uploads\/2025\/03\/arely-parada-300x203.jpg 300w\" sizes=\"auto, (max-width: 400px) 100vw, 400px\" \/><\/figure>\n<\/div>\n\n\n<p><strong>Uni\u00f3n de esfuerzos para construir legado<br><\/strong>\u201cEn estos 15 a\u00f1os, la c\u00e1tedra ha sido liderada por cuatro mujeres valientes que no se dejaron vencer por los obst\u00e1culos que surgieron en el camino. Al contrario, unieron esfuerzos y trabajaron con dedicaci\u00f3n para construir un legado social y humanista que ha dado forma a la c\u00e1tedra\u201d, mencion\u00f3 la decana de la Facultad de Ciencias Sociales, Ana Arely Villalta de Parada.<\/p>\n\n\n\n<p>A trav\u00e9s de sus relatos, demostraron a los asistentes que es posible luchar por una sociedad m\u00e1s equitativa y libre de violencia, mientras compart\u00edan sus experiencias y reflexionaban sobre los desaf\u00edos y logros alcanzados en un emotivo encuentro.<\/p>\n\n\n\n<p>Este conversatorio representa un viaje al pasado en la historia de la C\u00e1tedra de G\u00e9nero, reviviendo los acontecimientos que marcaron la vida de muchas mujeres, permiti\u00e9ndoles identificarse con algunas de esas experiencias.<\/p>\n\n\n\n<figure class=\"wp-block-image size-full\"><img loading=\"lazy\" decoding=\"async\" width=\"600\" height=\"345\" src=\"https:\/\/lapalabra.utec.edu.sv\/wp-content\/uploads\/2025\/03\/catedra-genero2.jpg\" alt=\"\" class=\"wp-image-3028\" srcset=\"https:\/\/lapalabra.utec.edu.sv\/wp-content\/uploads\/2025\/03\/catedra-genero2.jpg 600w, https:\/\/lapalabra.utec.edu.sv\/wp-content\/uploads\/2025\/03\/catedra-genero2-300x173.jpg 300w\" sizes=\"auto, (max-width: 600px) 100vw, 600px\" \/><\/figure>\n","protected":false},"excerpt":{"rendered":"<p>Excoordinadoras se re\u00fanen para conmemorar el aniversario, compartiendo experiencias y reflexionando sobre los avances y desaf\u00edos en la b\u00fasqueda de la equidad de g\u00e9nero. Elida OchoaFotograf\u00edas: Alexander MoralesLa Palabra Universitaria La Facultad de Ciencias Sociales de la Universidad Tecnol\u00f3gica de El Salvador (UTEC) celebr\u00f3 los 15 a\u00f1os de la C\u00e1tedra de G\u00e9nero, con un conversatorio&#8230;<\/p>\n","protected":false},"author":1,"featured_media":3026,"comment_status":"open","ping_status":"open","sticky":false,"template":"","format":"standard","meta":{"footnotes":""},"categories":[9,1,7],"tags":[621,100,29,55],"class_list":["post-3025","post","type-post","status-publish","format-standard","has-post-thumbnail","hentry","category-ciencias-sociales","category-campus-utec","category-facultades","tag-aniversario","tag-catedra-de-genero","tag-conferencia","tag-facultad-de-ciencia-sociales"],"_links":{"self":[{"href":"https:\/\/lapalabra.utec.edu.sv\/index.php\/wp-json\/wp\/v2\/posts\/3025","targetHints":{"allow":["GET"]}}],"collection":[{"href":"https:\/\/lapalabra.utec.edu.sv\/index.php\/wp-json\/wp\/v2\/posts"}],"about":[{"href":"https:\/\/lapalabra.utec.edu.sv\/index.php\/wp-json\/wp\/v2\/types\/post"}],"author":[{"embeddable":true,"href":"https:\/\/lapalabra.utec.edu.sv\/index.php\/wp-json\/wp\/v2\/users\/1"}],"replies":[{"embeddable":true,"href":"https:\/\/lapalabra.utec.edu.sv\/index.php\/wp-json\/wp\/v2\/comments?post=3025"}],"version-history":[{"count":1,"href":"https:\/\/lapalabra.utec.edu.sv\/index.php\/wp-json\/wp\/v2\/posts\/3025\/revisions"}],"predecessor-version":[{"id":3029,"href":"https:\/\/lapalabra.utec.edu.sv\/index.php\/wp-json\/wp\/v2\/posts\/3025\/revisions\/3029"}],"wp:featuredmedia":[{"embeddable":true,"href":"https:\/\/lapalabra.utec.edu.sv\/index.php\/wp-json\/wp\/v2\/media\/3026"}],"wp:attachment":[{"href":"https:\/\/lapalabra.utec.edu.sv\/index.php\/wp-json\/wp\/v2\/media?parent=3025"}],"wp:term":[{"taxonomy":"category","embeddable":true,"href":"https:\/\/lapalabra.utec.edu.sv\/index.php\/wp-json\/wp\/v2\/categories?post=3025"},{"taxonomy":"post_tag","embeddable":true,"href":"https:\/\/lapalabra.utec.edu.sv\/index.php\/wp-json\/wp\/v2\/tags?post=3025"}],"curies":[{"name":"wp","href":"https:\/\/api.w.org\/{rel}","templated":true}]}}