{"id":3001,"date":"2025-03-14T09:03:00","date_gmt":"2025-03-14T15:03:00","guid":{"rendered":"https:\/\/lapalabra.utec.edu.sv\/?p=3001"},"modified":"2025-03-13T18:52:32","modified_gmt":"2025-03-14T00:52:32","slug":"ely-paola-vargas-la-atleta-salvadorena-que-lleva-con-orgullo-a-su-pais-en-cada-carrera","status":"publish","type":"post","link":"https:\/\/lapalabra.utec.edu.sv\/index.php\/ely-paola-vargas-la-atleta-salvadorena-que-lleva-con-orgullo-a-su-pais-en-cada-carrera\/","title":{"rendered":"Ely Paola Vargas: la atleta salvadore\u00f1a que lleva con orgullo a su pa\u00eds en cada carrera"},"content":{"rendered":"\n<p class=\"has-text-color has-link-color wp-elements-76db34b408867338396ef0b77cc08fb7\" style=\"color:#5a1533\"><strong>Estudiante del T\u00e9cnico en Relaciones P\u00fablicas de la UTEC, es reconocida como una de las j\u00f3venes promesas que participaron recientemente en la 34.\u00aa edici\u00f3n del Centroamericano Mayor de Atletismo, con sede en El Salvador, donde compitieron los mejores atletas de la regi\u00f3n.<\/strong><\/p>\n\n\n\n<p><em>Cinthia Morales, Daniela Cubas y David Mu\u00f1oz<br>La Palabra Universitaria<\/em><\/p>\n\n\n\n<p>Con solo 19 a\u00f1os, Ely Paola Vargas, originaria de San Miguel, es una joven atleta salvadore\u00f1a que lleva m\u00e1s de nueve a\u00f1os practicando este deporte. Para ella, representar a El Salvador es mucho m\u00e1s que una meta personal.<\/p>\n\n\n\n<p>\u00abEs un compromiso muy grande. No es solo mejorar como persona o conseguir una medalla, es tener el honor de representar a mi pa\u00eds con orgullo. Es mucho m\u00e1s que correr, llevo una responsabilidad\u00bb, afirma.<\/p>\n\n\n\n<p><strong>Una rutina exigente y llena de desaf\u00edos<br><\/strong>Sus d\u00edas suelen ser distintos, pero todos comienzan a las 4:30 de la ma\u00f1ana. Su primera actividad es asistir a la universidad para recibir clases. Luego, acude a fisioterapia debido a una lesi\u00f3n en la espalda. Despu\u00e9s, regresa a su casa para almorzar y espera hasta la 1:30 de la tarde para ir a su entrenamiento, que se extiende de 2:00 a 5:00 p. m.. Tras su jornada deportiva, se dedica a estudiar hasta las 7:00 de la noche y, adem\u00e1s, gestiona los pedidos de su florister\u00eda, su emprendimiento actual.<\/p>\n\n\n<div class=\"wp-block-image\">\n<figure class=\"alignleft size-full\"><img loading=\"lazy\" decoding=\"async\" width=\"400\" height=\"306\" src=\"https:\/\/lapalabra.utec.edu.sv\/wp-content\/uploads\/2025\/03\/ElyPaola2.jpg\" alt=\"\" class=\"wp-image-3003\" srcset=\"https:\/\/lapalabra.utec.edu.sv\/wp-content\/uploads\/2025\/03\/ElyPaola2.jpg 400w, https:\/\/lapalabra.utec.edu.sv\/wp-content\/uploads\/2025\/03\/ElyPaola2-300x230.jpg 300w\" sizes=\"auto, (max-width: 400px) 100vw, 400px\" \/><\/figure>\n<\/div>\n\n\n<p><strong>El inicio de su pasi\u00f3n por el atletismo<br><\/strong>La historia de Ely en el atletismo comenz\u00f3 de manera inesperada cuando un profesor de F\u00edsica en su centro escolar despert\u00f3 su inter\u00e9s por el deporte. Seg\u00fan recuerda, este docente no solo ense\u00f1aba teor\u00eda, sino que tambi\u00e9n promov\u00eda actividades din\u00e1micas que le permitieron distraerse, disfrutar y descubrir su talento.<\/p>\n\n\n\n<p>As\u00ed, un d\u00eda se anim\u00f3 a participar en su primera carrera en Soyapango, donde sorprendi\u00f3 a todos al ganar sus primeras medallas de bronce y plata. Desde entonces, no solo encontr\u00f3 su pasi\u00f3n, sino tambi\u00e9n una vocaci\u00f3n que la impulsa a seguir adelante con disciplina y determinaci\u00f3n.<\/p>\n\n\n\n<p><strong>Competencias memorables y aprendizajes<br><\/strong>Uno de los momentos m\u00e1s importantes en su carrera deportiva ocurri\u00f3 en Nicaragua en 2021. \u201cEstuve como aspirante a un sexto lugar y me desanim\u00e9 un poco, pero corr\u00ed con ganas, pensando que, si no ganaba, al menos ser\u00eda satisfactorio estar ah\u00ed compitiendo. Sin embargo, pude ganar tres bronces. Fue algo sorprendente que no me esperaba\u201d, menciona la atleta.<\/p>\n\n\n<div class=\"wp-block-image\">\n<figure class=\"alignleft size-full\"><img loading=\"lazy\" decoding=\"async\" width=\"380\" height=\"256\" src=\"https:\/\/lapalabra.utec.edu.sv\/wp-content\/uploads\/2025\/03\/ElyPaola3.jpg\" alt=\"\" class=\"wp-image-3004\" srcset=\"https:\/\/lapalabra.utec.edu.sv\/wp-content\/uploads\/2025\/03\/ElyPaola3.jpg 380w, https:\/\/lapalabra.utec.edu.sv\/wp-content\/uploads\/2025\/03\/ElyPaola3-300x202.jpg 300w\" sizes=\"auto, (max-width: 380px) 100vw, 380px\" \/><\/figure>\n<\/div>\n\n\n<p>Otra experiencia que marc\u00f3 su trayectoria fue su participaci\u00f3n en Costa Rica el a\u00f1o pasado, en una competencia de 400 metros planos. Durante la carrera, ambas atletas iban a la par. \u201cIba a ganar quien lo quisiera m\u00e1s\u201d, recuerda Ely. Sin embargo, perdi\u00f3 por dos segundos ante la costarricense. A pesar de ello, logr\u00f3 quedarse con la medalla de plata, un resultado que considera bastante positivo.<\/p>\n\n\n\n<p><strong>El apoyo familiar y la inspiraci\u00f3n para seguir adelante<br><\/strong>Para Ely, sus padres son un pilar fundamental en su vida, ya que siempre buscan estar presentes para motivarla en sus torneos y apoyarla en su carrera deportiva. Despu\u00e9s de una competencia, lo primero que hace es festejar con ellos o llamar a su padre por tel\u00e9fono para compartirle la noticia.<\/p>\n\n\n\n<p>El a\u00f1o pasado tuvo la oportunidad de participar en la 34.\u00aa edici\u00f3n del Centroamericano Mayor, donde compiti\u00f3 con Daniela Rojas, una atleta a quien admira mucho. Tambi\u00e9n respeta profundamente a Pablo Ib\u00e1\u00f1ez, un atleta salvadore\u00f1o que gan\u00f3 la medalla de oro en los Juegos Centroamericanos. \u201cFui su compa\u00f1era por mucho tiempo y es una persona que da el ejemplo de constancia y sacrificio\u201d, menciona.<\/p>\n\n\n\n<p><strong>Metas futuras: m\u00e1s all\u00e1 del atletismo<br><\/strong>Ely Vargas sue\u00f1a con trabajar en el futuro para los atletas dentro de su federaci\u00f3n de atletismo. Su pasi\u00f3n por la fotograf\u00eda, que ha desarrollado en su carrera en T\u00e9cnico en Relaciones P\u00fablicas en la Universidad Tecnol\u00f3gica de El Salvador (UTEC), la ha llevado a cubrir eventos como los Juegos Deportivos CODICADER 2024 (Consejo del Istmo Centroamericano de Deporte y Recreaci\u00f3n). Le gustar\u00eda especializarse a\u00fan m\u00e1s en esa \u00e1rea.<\/p>\n\n\n\n<p>Adem\u00e1s, busca expandir su florister\u00eda y llevar su negocio a gran escala. Actualmente, compagina sus estudios universitarios, de los cuales ya ha cursado la mitad, con su emprendimiento. Sin embargo, su rutina diaria es estresante y, desde hace cuatro meses, ha tenido que pausar su carrera deportiva debido a una lesi\u00f3n en la espalda. Para manejar todas sus responsabilidades, cuenta con el apoyo de su psic\u00f3logo, quien le ayuda a organizar sus pensamientos.<\/p>\n\n\n\n<p>A pesar de los desaf\u00edos, Vargas mantiene intacto su compromiso con el atletismo y con representar a El Salvador. Para ella, no se trata solo de competir o ganar medallas, sino de subir al podio y poner en alto la bandera de su pa\u00eds. Como ella misma expresa: \u00abEs m\u00e1s que solo correr\u00bb.<\/p>\n","protected":false},"excerpt":{"rendered":"<p>Estudiante del T\u00e9cnico en Relaciones P\u00fablicas de la UTEC, es reconocida como una de las j\u00f3venes promesas que participaron recientemente en la 34.\u00aa edici\u00f3n del Centroamericano Mayor de Atletismo, con sede en El Salvador, donde compitieron los mejores atletas de la regi\u00f3n. Cinthia Morales, Daniela Cubas y David Mu\u00f1ozLa Palabra Universitaria Con solo 19 a\u00f1os,&#8230;<\/p>\n","protected":false},"author":1,"featured_media":3002,"comment_status":"open","ping_status":"open","sticky":false,"template":"","format":"standard","meta":{"footnotes":""},"categories":[178],"tags":[622,592,22,128,623],"class_list":["post-3001","post","type-post","status-publish","format-standard","has-post-thumbnail","hentry","category-dialogos","tag-atleta","tag-dialogos-2","tag-entrevista","tag-estudiantes","tag-semblanza"],"_links":{"self":[{"href":"https:\/\/lapalabra.utec.edu.sv\/index.php\/wp-json\/wp\/v2\/posts\/3001","targetHints":{"allow":["GET"]}}],"collection":[{"href":"https:\/\/lapalabra.utec.edu.sv\/index.php\/wp-json\/wp\/v2\/posts"}],"about":[{"href":"https:\/\/lapalabra.utec.edu.sv\/index.php\/wp-json\/wp\/v2\/types\/post"}],"author":[{"embeddable":true,"href":"https:\/\/lapalabra.utec.edu.sv\/index.php\/wp-json\/wp\/v2\/users\/1"}],"replies":[{"embeddable":true,"href":"https:\/\/lapalabra.utec.edu.sv\/index.php\/wp-json\/wp\/v2\/comments?post=3001"}],"version-history":[{"count":1,"href":"https:\/\/lapalabra.utec.edu.sv\/index.php\/wp-json\/wp\/v2\/posts\/3001\/revisions"}],"predecessor-version":[{"id":3005,"href":"https:\/\/lapalabra.utec.edu.sv\/index.php\/wp-json\/wp\/v2\/posts\/3001\/revisions\/3005"}],"wp:featuredmedia":[{"embeddable":true,"href":"https:\/\/lapalabra.utec.edu.sv\/index.php\/wp-json\/wp\/v2\/media\/3002"}],"wp:attachment":[{"href":"https:\/\/lapalabra.utec.edu.sv\/index.php\/wp-json\/wp\/v2\/media?parent=3001"}],"wp:term":[{"taxonomy":"category","embeddable":true,"href":"https:\/\/lapalabra.utec.edu.sv\/index.php\/wp-json\/wp\/v2\/categories?post=3001"},{"taxonomy":"post_tag","embeddable":true,"href":"https:\/\/lapalabra.utec.edu.sv\/index.php\/wp-json\/wp\/v2\/tags?post=3001"}],"curies":[{"name":"wp","href":"https:\/\/api.w.org\/{rel}","templated":true}]}}