{"id":2758,"date":"2025-01-24T17:46:38","date_gmt":"2025-01-24T23:46:38","guid":{"rendered":"https:\/\/lapalabra.utec.edu.sv\/?p=2758"},"modified":"2025-01-24T17:46:38","modified_gmt":"2025-01-24T23:46:38","slug":"marielos-vasquez-la-reina-del-ajedrez-salvadoreno-y-su-camino-al-exito","status":"publish","type":"post","link":"https:\/\/lapalabra.utec.edu.sv\/index.php\/marielos-vasquez-la-reina-del-ajedrez-salvadoreno-y-su-camino-al-exito\/","title":{"rendered":"Marielos V\u00e1squez: la reina del ajedrez salvadore\u00f1o y su camino al \u00e9xito"},"content":{"rendered":"\n<p class=\"has-text-color has-link-color wp-elements-320ba6509d56e13cd2619bea97c32b0e\" style=\"color:#5a1533\"><strong>Ha logrado importantes triunfos, como la medalla de oro en campeonato nacional. Guiada por su padre, ha superado desaf\u00edos personales y acad\u00e9micos con dedicaci\u00f3n y apoyo familiar.<\/strong><\/p>\n\n\n\n<p><em>La Palabra Universitaria<\/em><\/p>\n\n\n\n<p>Marielos V\u00e1squez, destacada ajedrecista salvadore\u00f1a, comenz\u00f3 su traves\u00eda en el mundo del ajedrez a la corta edad de seis a\u00f1os, guiada por su padre, quien ha sido su mentor.<\/p>\n\n\n\n<p>Desde entonces, ha dejado una huella en competencias internacionales, obteniendo su primer t\u00edtulo en un torneo internacional y destac\u00e1ndose en eventos como las Olimpiadas de Budapest y los Juegos Codicader 2024, donde gan\u00f3 la medalla de oro en la modalidad blitz, un triunfo que describi\u00f3 como emocionante e inesperado.<\/p>\n\n\n\n<p>El ajedrez ha sido parte fundamental de su vida desde temprana edad. Gracias a su dedicaci\u00f3n, al apoyo de sus entrenadores y al respaldo incondicional de sus padres, Marielos ha logrado equilibrar sus estudios y su pasi\u00f3n por este deporte, aunque no ha sido una tarea f\u00e1cil. La ajedrecista destaca la importancia del acompa\u00f1amiento mental, especialmente tras superar una mala racha, que culmin\u00f3 con su coronaci\u00f3n como campeona nacional en 2023, un momento que la llen\u00f3 de satisfacci\u00f3n y fortaleci\u00f3 su confianza.<\/p>\n\n\n\n<p>Naci\u00f3 el 19 de diciembre de 2007 en San Salvador, El Salvador, Marielos cursa actualmente el bachillerato general con opci\u00f3n contador en el Liceo Juan Bueno. Su historia es un testimonio de dedicaci\u00f3n y pasi\u00f3n, a pesar de los retos que ha enfrentado en su vida escolar y personal.<\/p>\n\n\n\n<p>Desde sus inicios, ha contado con el apoyo de sus maestros, quienes le han permitido gestionar su carga acad\u00e9mica para compaginar los estudios con el ajedrez; sin embargo, su intensa dedicaci\u00f3n a este deporte a menudo la lleva a perderse clases y actividades con amigos. \u201cAprovecho cada momento libre para estar con ellos\u201d, comenta la joven, reflejando su compromiso tanto personal como profesional.<\/p>\n\n\n\n<p>La preparaci\u00f3n de Marielos incluye sesiones de entrenamiento en casa, dedicando aproximadamente dos horas, tres veces por semana, aunque reconoce que lo ideal ser\u00eda entrenar a diario para mantener un estilo de juego constante. Desde este a\u00f1o, recibe apoyo de un maestro argentino que forma parte de la selecci\u00f3n mayor de ajedrez.<\/p>\n\n\n\n<p>En el \u00e1mbito internacional, ha representado a El Salvador en dos torneos del Consejo del Istmo Centroamericano de Deporte y Recreaci\u00f3n (CODICADER), una iniciativa del Sistema de Integraci\u00f3n Centroamericana (SICA) que promueve la integraci\u00f3n y solidaridad entre los pa\u00edses miembros. Aunque ha enfrentado dificultades en competencias donde no le fue bien, Marielos admite que aprender a lidiar con las derrotas ha sido un desaf\u00edo clave en su desarrollo.<\/p>\n\n\n\n<p>Un punto de inflexi\u00f3n en su carrera ocurri\u00f3 en 2021, cuando compiti\u00f3 contra Marjorie Herrera por el t\u00edtulo de Maestro FIDE. Aunque perdi\u00f3 la \u00faltima partida, esta experiencia, aunque dolorosa, la motiv\u00f3 a superarse y enfrentar nuevos retos. Entre risas, Marielos recuerda que su partida m\u00e1s larga dur\u00f3 cinco horas, mientras que la m\u00e1s r\u00e1pida apenas dur\u00f3 un minuto.<\/p>\n\n\n\n<p>En los Juegos CODICADER 2024, obtuvo la medalla de oro en la modalidad blitz. \u201cNo pens\u00e9 que el primer d\u00eda de competencia podr\u00eda ganar oro\u201d, confiesa emocionada. Su estilo de juego est\u00e1 influenciado por su padre, pero tambi\u00e9n admira al gran maestro y campe\u00f3n mundial Magnus Carlsen.<\/p>\n\n\n<div class=\"wp-block-image\">\n<figure class=\"alignright size-full\"><img loading=\"lazy\" decoding=\"async\" width=\"400\" height=\"256\" src=\"https:\/\/lapalabra.utec.edu.sv\/wp-content\/uploads\/2025\/01\/ajedrecista.jpg\" alt=\"\" class=\"wp-image-2760\" srcset=\"https:\/\/lapalabra.utec.edu.sv\/wp-content\/uploads\/2025\/01\/ajedrecista.jpg 400w, https:\/\/lapalabra.utec.edu.sv\/wp-content\/uploads\/2025\/01\/ajedrecista-300x192.jpg 300w, https:\/\/lapalabra.utec.edu.sv\/wp-content\/uploads\/2025\/01\/ajedrecista-150x95.jpg 150w\" sizes=\"auto, (max-width: 400px) 100vw, 400px\" \/><\/figure>\n<\/div>\n\n\n<p>En 2023, tras arduos entrenamientos y el apoyo de su psic\u00f3logo deportivo, Marielos logr\u00f3 coronarse campeona nacional. A pesar de los retos, asegura que estas experiencias la han fortalecido. Tambi\u00e9n particip\u00f3 en las Olimpiadas FIDE de Ajedrez en Budapest, donde enfrent\u00f3 desaf\u00edos como la barrera del idioma, aunque destaca lo valiosa que fue la experiencia.<\/p>\n\n\n\n<p>La relaci\u00f3n especial con su padre ha sido clave en su trayectoria. \u201cSiempre que tengo una partida, ya sea buena o mala, hacemos bromas al respecto\u201d, comparte Marielos, destacando el apoyo incondicional de su familia.<\/p>\n\n\n\n<p>Finalmente, aunque Marielos planea seguir jugando ajedrez, su principal objetivo es completar su carrera universitaria. \u201cMe veo jugando ajedrez, pero ya no de forma profesional, porque quiero enfocarme en mis estudios\u201d, asegura.<br>Su historia inspira a quienes buscan equilibrar sus pasiones con sus responsabilidades. \u201cQue se motiven, porque el ajedrez es un deporte bonito. Aunque parece aburrido, en realidad uno se divierte bastante\u201d, concluye. Su capacidad para enfrentar desaf\u00edos es un ejemplo de perseverancia, mentalidad positiva y dedicaci\u00f3n, tanto en el ajedrez como en la vida cotidiana.<\/p>\n\n\n\n<hr class=\"wp-block-separator has-alpha-channel-opacity\"\/>\n\n\n\n<p><em>Realizaci\u00f3n y edici\u00f3n:<br>Daniela Cubas, Cinthia Marielos, Camila Flores, David Mu\u00f1oz y Josseline Vega<\/em><\/p>\n","protected":false},"excerpt":{"rendered":"<p>Ha logrado importantes triunfos, como la medalla de oro en campeonato nacional. Guiada por su padre, ha superado desaf\u00edos personales y acad\u00e9micos con dedicaci\u00f3n y apoyo familiar. La Palabra Universitaria Marielos V\u00e1squez, destacada ajedrecista salvadore\u00f1a, comenz\u00f3 su traves\u00eda en el mundo del ajedrez a la corta edad de seis a\u00f1os, guiada por su padre, quien&#8230;<\/p>\n","protected":false},"author":1,"featured_media":2759,"comment_status":"open","ping_status":"open","sticky":false,"template":"","format":"standard","meta":{"footnotes":""},"categories":[178],"tags":[593,592,22],"class_list":["post-2758","post","type-post","status-publish","format-standard","has-post-thumbnail","hentry","category-dialogos","tag-ajedrez","tag-dialogos-2","tag-entrevista"],"_links":{"self":[{"href":"https:\/\/lapalabra.utec.edu.sv\/index.php\/wp-json\/wp\/v2\/posts\/2758","targetHints":{"allow":["GET"]}}],"collection":[{"href":"https:\/\/lapalabra.utec.edu.sv\/index.php\/wp-json\/wp\/v2\/posts"}],"about":[{"href":"https:\/\/lapalabra.utec.edu.sv\/index.php\/wp-json\/wp\/v2\/types\/post"}],"author":[{"embeddable":true,"href":"https:\/\/lapalabra.utec.edu.sv\/index.php\/wp-json\/wp\/v2\/users\/1"}],"replies":[{"embeddable":true,"href":"https:\/\/lapalabra.utec.edu.sv\/index.php\/wp-json\/wp\/v2\/comments?post=2758"}],"version-history":[{"count":1,"href":"https:\/\/lapalabra.utec.edu.sv\/index.php\/wp-json\/wp\/v2\/posts\/2758\/revisions"}],"predecessor-version":[{"id":2761,"href":"https:\/\/lapalabra.utec.edu.sv\/index.php\/wp-json\/wp\/v2\/posts\/2758\/revisions\/2761"}],"wp:featuredmedia":[{"embeddable":true,"href":"https:\/\/lapalabra.utec.edu.sv\/index.php\/wp-json\/wp\/v2\/media\/2759"}],"wp:attachment":[{"href":"https:\/\/lapalabra.utec.edu.sv\/index.php\/wp-json\/wp\/v2\/media?parent=2758"}],"wp:term":[{"taxonomy":"category","embeddable":true,"href":"https:\/\/lapalabra.utec.edu.sv\/index.php\/wp-json\/wp\/v2\/categories?post=2758"},{"taxonomy":"post_tag","embeddable":true,"href":"https:\/\/lapalabra.utec.edu.sv\/index.php\/wp-json\/wp\/v2\/tags?post=2758"}],"curies":[{"name":"wp","href":"https:\/\/api.w.org\/{rel}","templated":true}]}}