{"id":2496,"date":"2024-11-15T13:46:36","date_gmt":"2024-11-15T19:46:36","guid":{"rendered":"https:\/\/lapalabra.utec.edu.sv\/?p=2496"},"modified":"2024-11-15T13:46:36","modified_gmt":"2024-11-15T19:46:36","slug":"realizan-en-la-utec-un-taller-que-promueve-la-preservacion-del-lenguaje-ancestral","status":"publish","type":"post","link":"https:\/\/lapalabra.utec.edu.sv\/index.php\/realizan-en-la-utec-un-taller-que-promueve-la-preservacion-del-lenguaje-ancestral\/","title":{"rendered":"Realizan en la Utec un taller que promueve la preservaci\u00f3n del lenguaje ancestral"},"content":{"rendered":"\n<p class=\"has-text-color has-link-color wp-elements-754e208479893203f9dba85b0cfb9833\" style=\"color:#5a1533\">El MUA fue el punto de encuentro para un grupo de ni\u00f1os estudiantes de un centro educativo del distrito de Panchimalco, que participaron en el taller N\u00e1huat en acci\u00f3n: un viaje cultural<\/p>\n\n\n\n<p><em>Wilber Corpe\u00f1o<br>La Palabra Universitaria<\/em><\/p>\n\n\n\n<p>En un esfuerzo por revitalizar la lengua y cultura n\u00e1huat el Museo Universitario de Antropolog\u00eda (MUA) de la Universidad Tecnol\u00f3gica de El Salvador (Utec), fue escenario del taller N\u00e1huat en acci\u00f3n: un viaje cultural.<\/p>\n\n\n\n<p>La actividad, dirigida a ni\u00f1os del Complejo Educativo Profesor Bernardino Villamariona, del Distrito 0614 de Panchimalco, se desarroll\u00f3 como parte de la estrategia de proyecci\u00f3n social que impulsa la facultad de ciencias sociales a trav\u00e9s de la c\u00e1tedra ind\u00edgena n\u00e1huat.<\/p>\n\n\n\n<p>En ese sentido, el taller fue organizado por la referida c\u00e1tedra y la direcci\u00f3n de cultura de la Utec, combinando elementos l\u00fadicos y pedag\u00f3gicos para introducir a los participantes en la lengua y tradiciones de sus ra\u00edces ancestrales.<\/p>\n\n\n<div class=\"wp-block-image\">\n<figure class=\"alignright size-full\"><img loading=\"lazy\" decoding=\"async\" width=\"400\" height=\"220\" src=\"https:\/\/lapalabra.utec.edu.sv\/wp-content\/uploads\/2024\/11\/tallernahuat2.jpg\" alt=\"\" class=\"wp-image-2507\" srcset=\"https:\/\/lapalabra.utec.edu.sv\/wp-content\/uploads\/2024\/11\/tallernahuat2.jpg 400w, https:\/\/lapalabra.utec.edu.sv\/wp-content\/uploads\/2024\/11\/tallernahuat2-300x165.jpg 300w\" sizes=\"auto, (max-width: 400px) 100vw, 400px\" \/><\/figure>\n<\/div>\n\n\n<p>Durante el desarrollo de la jornada, los ni\u00f1os participaron en din\u00e1micas interactivas, juegos y actividades art\u00edsticas que les permitieron acercarse de manera pr\u00e1ctica a la riqueza cultural del n\u00e1huat.<\/p>\n\n\n\n<p>Entre los asistentes destacaron figuras clave como Faustino Oliva, representante del Ministerio de Educaci\u00f3n; Am\u00edlcar Ram\u00edrez, subdirector del complejo educativo; William Geliz, director de proyecci\u00f3n social de la Utec; y Ram\u00f3n Rivas, director de cultura.<\/p>\n\n\n\n<p>Cada uno de ellos enfatiz\u00f3 la importancia de iniciativas como esta para fomentar el respeto y la preservaci\u00f3n de las lenguas ind\u00edgenas.<\/p>\n\n\n\n<p>\u201cEste tipo de actividades son fundamentales para mantener viva nuestra identidad cultural y para que los ni\u00f1os entiendan el valor de su patrimonio. No solo estamos ense\u00f1ando una lengua, estamos sembrando orgullo y conexi\u00f3n con sus ra\u00edces\u201d, expres\u00f3 Rivas durante su intervenci\u00f3n.<\/p>\n\n\n\n<p>Por su parte, Am\u00edlcar Ram\u00edrez resalt\u00f3 el impacto positivo que estas acciones tienen en los ni\u00f1os del centro educativo. \u201cEs una experiencia enriquecedora que les permite aprender de una manera diferente y, al mismo tiempo, reconocer el valor de las tradiciones de su comunidad\u201d, dice.<\/p>\n\n\n\n<p>Con el taller N\u00e1huat en acci\u00f3n: un viaje cultural, la Utec reafirma su compromiso con la preservaci\u00f3n del patrimonio cultural salvadore\u00f1o, utilizando la educaci\u00f3n como herramienta clave para empoderar a las nuevas generaciones y garantizar la continuidad de la lengua n\u00e1huat en el pa\u00eds.<\/p>\n\n\n\n<p>Este esfuerzo conjunto entre academia y comunidad subraya la importancia de integrar la cultura en la formaci\u00f3n de valores y conocimientos de los m\u00e1s j\u00f3venes.<\/p>\n","protected":false},"excerpt":{"rendered":"<p>El MUA fue el punto de encuentro para un grupo de ni\u00f1os estudiantes de un centro educativo del distrito de Panchimalco, que participaron en el taller N\u00e1huat en acci\u00f3n: un viaje cultural Wilber Corpe\u00f1oLa Palabra Universitaria En un esfuerzo por revitalizar la lengua y cultura n\u00e1huat el Museo Universitario de Antropolog\u00eda (MUA) de la Universidad&#8230;<\/p>\n","protected":false},"author":1,"featured_media":2506,"comment_status":"open","ping_status":"open","sticky":false,"template":"","format":"standard","meta":{"footnotes":""},"categories":[2,1],"tags":[96,60,243,50],"class_list":["post-2496","post","type-post","status-publish","format-standard","has-post-thumbnail","hentry","category-capacitaciones-utec","category-campus-utec","tag-catedra-indigena-nahuat","tag-mua","tag-museo-universitario-de-antropologia","tag-proyeccion-social"],"_links":{"self":[{"href":"https:\/\/lapalabra.utec.edu.sv\/index.php\/wp-json\/wp\/v2\/posts\/2496","targetHints":{"allow":["GET"]}}],"collection":[{"href":"https:\/\/lapalabra.utec.edu.sv\/index.php\/wp-json\/wp\/v2\/posts"}],"about":[{"href":"https:\/\/lapalabra.utec.edu.sv\/index.php\/wp-json\/wp\/v2\/types\/post"}],"author":[{"embeddable":true,"href":"https:\/\/lapalabra.utec.edu.sv\/index.php\/wp-json\/wp\/v2\/users\/1"}],"replies":[{"embeddable":true,"href":"https:\/\/lapalabra.utec.edu.sv\/index.php\/wp-json\/wp\/v2\/comments?post=2496"}],"version-history":[{"count":2,"href":"https:\/\/lapalabra.utec.edu.sv\/index.php\/wp-json\/wp\/v2\/posts\/2496\/revisions"}],"predecessor-version":[{"id":2508,"href":"https:\/\/lapalabra.utec.edu.sv\/index.php\/wp-json\/wp\/v2\/posts\/2496\/revisions\/2508"}],"wp:featuredmedia":[{"embeddable":true,"href":"https:\/\/lapalabra.utec.edu.sv\/index.php\/wp-json\/wp\/v2\/media\/2506"}],"wp:attachment":[{"href":"https:\/\/lapalabra.utec.edu.sv\/index.php\/wp-json\/wp\/v2\/media?parent=2496"}],"wp:term":[{"taxonomy":"category","embeddable":true,"href":"https:\/\/lapalabra.utec.edu.sv\/index.php\/wp-json\/wp\/v2\/categories?post=2496"},{"taxonomy":"post_tag","embeddable":true,"href":"https:\/\/lapalabra.utec.edu.sv\/index.php\/wp-json\/wp\/v2\/tags?post=2496"}],"curies":[{"name":"wp","href":"https:\/\/api.w.org\/{rel}","templated":true}]}}