{"id":2494,"date":"2024-11-15T13:41:53","date_gmt":"2024-11-15T19:41:53","guid":{"rendered":"https:\/\/lapalabra.utec.edu.sv\/?p=2494"},"modified":"2024-11-15T13:41:53","modified_gmt":"2024-11-15T19:41:53","slug":"presentan-novela-el-viaje-a-san-salvador","status":"publish","type":"post","link":"https:\/\/lapalabra.utec.edu.sv\/index.php\/presentan-novela-el-viaje-a-san-salvador\/","title":{"rendered":"Presentan novela El viaje a San Salvador"},"content":{"rendered":"\n<p class=\"has-text-color has-link-color wp-elements-c66f2722520b214d3366673a89b20c2d\" style=\"color:#5a1533\"><strong>La presentaci\u00f3n de la obra literaria del escritor salvadore\u00f1o, Roberto Pineda, estuvo a cargo del director de cultura de la Utec, Ram\u00f3n Rivas.<\/strong><\/p>\n\n\n\n<p><em>Wilber Corpe\u00f1o\/Elsy Henr\u00edquez<br>La Palabra Universitaria<\/em><\/p>\n\n\n\n<p>El auditorio principal del Museo Universitario de Antropolog\u00eda (MUA) de la Universidad Tecnol\u00f3gica de El Salvador (Utec), fue el escenario de la presentaci\u00f3n de la novela El viaje a San Salvador, una obra del escritor salvadore\u00f1o Roberto Pineda.<\/p>\n\n\n\n<p>La presentaci\u00f3n de la obra estuvo a cargo del director de cultura de la Utec, Ram\u00f3n Rivas; y del poeta salvadore\u00f1o, Luis Ch\u00e1vez.<\/p>\n\n\n\n<p>De acuerdo con los organizadores, esta actividad centr\u00f3 su principal objetivo en brindar un espacio a los autores locales para dar a conocer su producci\u00f3n literaria.<\/p>\n\n\n\n<p>En su ponencia, Pineda comparti\u00f3 los or\u00edgenes y motivaciones detr\u00e1s de su obra, que retrata de manera v\u00edvida y emotiva las complejidades de la vida cotidiana de un viajero.<\/p>\n\n\n\n<p>A trav\u00e9s de una narrativa profunda y el entra\u00f1able personaje, El viaje a San Salvador invita a los lectores a reflexionar sobre temas como la identidad, el desplazamiento y los desaf\u00edos de la modernidad en un contexto profundamente arraigado en la realidad de varios pa\u00edses.<\/p>\n\n\n<div class=\"wp-block-image\">\n<figure class=\"alignleft size-full\"><img loading=\"lazy\" decoding=\"async\" width=\"400\" height=\"267\" src=\"https:\/\/lapalabra.utec.edu.sv\/wp-content\/uploads\/2024\/11\/novela2.jpg\" alt=\"\" class=\"wp-image-2504\" srcset=\"https:\/\/lapalabra.utec.edu.sv\/wp-content\/uploads\/2024\/11\/novela2.jpg 400w, https:\/\/lapalabra.utec.edu.sv\/wp-content\/uploads\/2024\/11\/novela2-300x200.jpg 300w\" sizes=\"auto, (max-width: 400px) 100vw, 400px\" \/><\/figure>\n<\/div>\n\n\n<p>De acuerdo con la narrativa literaria de la obra, trata de un joven, Ernesto, que emprende un viaje desde Tbilisi a principios de los a\u00f1os sesenta del siglo pasado, y de las aventuras que encuentra en este recorrido ya que atraviesa Turqu\u00eda, Grecia, Italia y en cada uno de estos lugares se narra encuentro con personajes del mundo del arte y la cultura.<\/p>\n\n\n\n<p>Luego desde Roma emprende un viaje hacia la ciudad de Nueva York y se hospeda en el ic\u00f3nico barrio de Harlem y conoce a personalidades del mundo y la cultura afroamericana, y luego viaja a Cuba que se encuentra a dos a\u00f1os de haber realizado una revoluci\u00f3n, y posteriormente viaje a M\u00e9xico y conoce la riqueza de la cultura azteca, y finalmente aterriza en El Salvador y conoce a poetas y artistas de la generaci\u00f3n Comprometida y termina sus d\u00edas en la ciudad occidental de Santa Ana.<\/p>\n\n\n\n<p>Durante la actividad, se destac\u00f3 la importancia de apoyar y visibilizar la producci\u00f3n literaria nacional, promoviendo espacios donde los autores puedan conectarse con sus lectores y enriquecer el panorama cultural del pa\u00eds.<\/p>\n\n\n\n<p>Rivas subray\u00f3 que \u201cEl MUA no solo es un espacio para preservar nuestra historia, sino tambi\u00e9n para construir nuestro presente cultural. Es un honor recibir a autores como Roberto Pineda, cuyo trabajo contribuye a enriquecer nuestro patrimonio literario\u201d.<\/p>\n\n\n\n<p>La presentaci\u00f3n concluy\u00f3 con una sesi\u00f3n de preguntas y respuestas, donde los asistentes tuvieron la oportunidad de dialogar directamente con el autor sobre los temas y procesos creativos que dieron vida a la novela.<\/p>\n","protected":false},"excerpt":{"rendered":"<p>La presentaci\u00f3n de la obra literaria del escritor salvadore\u00f1o, Roberto Pineda, estuvo a cargo del director de cultura de la Utec, Ram\u00f3n Rivas. Wilber Corpe\u00f1o\/Elsy Henr\u00edquezLa Palabra Universitaria El auditorio principal del Museo Universitario de Antropolog\u00eda (MUA) de la Universidad Tecnol\u00f3gica de El Salvador (Utec), fue el escenario de la presentaci\u00f3n de la novela El&#8230;<\/p>\n","protected":false},"author":1,"featured_media":2503,"comment_status":"open","ping_status":"open","sticky":false,"template":"","format":"standard","meta":{"footnotes":""},"categories":[15],"tags":[60,243,392,420],"class_list":["post-2494","post","type-post","status-publish","format-standard","has-post-thumbnail","hentry","category-claroscuro","tag-mua","tag-museo-universitario-de-antropologia","tag-presentacion-de-libro","tag-unidad-de-cultura"],"_links":{"self":[{"href":"https:\/\/lapalabra.utec.edu.sv\/index.php\/wp-json\/wp\/v2\/posts\/2494","targetHints":{"allow":["GET"]}}],"collection":[{"href":"https:\/\/lapalabra.utec.edu.sv\/index.php\/wp-json\/wp\/v2\/posts"}],"about":[{"href":"https:\/\/lapalabra.utec.edu.sv\/index.php\/wp-json\/wp\/v2\/types\/post"}],"author":[{"embeddable":true,"href":"https:\/\/lapalabra.utec.edu.sv\/index.php\/wp-json\/wp\/v2\/users\/1"}],"replies":[{"embeddable":true,"href":"https:\/\/lapalabra.utec.edu.sv\/index.php\/wp-json\/wp\/v2\/comments?post=2494"}],"version-history":[{"count":2,"href":"https:\/\/lapalabra.utec.edu.sv\/index.php\/wp-json\/wp\/v2\/posts\/2494\/revisions"}],"predecessor-version":[{"id":2505,"href":"https:\/\/lapalabra.utec.edu.sv\/index.php\/wp-json\/wp\/v2\/posts\/2494\/revisions\/2505"}],"wp:featuredmedia":[{"embeddable":true,"href":"https:\/\/lapalabra.utec.edu.sv\/index.php\/wp-json\/wp\/v2\/media\/2503"}],"wp:attachment":[{"href":"https:\/\/lapalabra.utec.edu.sv\/index.php\/wp-json\/wp\/v2\/media?parent=2494"}],"wp:term":[{"taxonomy":"category","embeddable":true,"href":"https:\/\/lapalabra.utec.edu.sv\/index.php\/wp-json\/wp\/v2\/categories?post=2494"},{"taxonomy":"post_tag","embeddable":true,"href":"https:\/\/lapalabra.utec.edu.sv\/index.php\/wp-json\/wp\/v2\/tags?post=2494"}],"curies":[{"name":"wp","href":"https:\/\/api.w.org\/{rel}","templated":true}]}}