{"id":2420,"date":"2024-11-01T16:28:22","date_gmt":"2024-11-01T22:28:22","guid":{"rendered":"https:\/\/lapalabra.utec.edu.sv\/?p=2420"},"modified":"2024-11-01T17:23:24","modified_gmt":"2024-11-01T23:23:24","slug":"realizan-semana-de-la-responsabilidad-legal-con-el-medio-ambiente-en-la-utec-2","status":"publish","type":"post","link":"https:\/\/lapalabra.utec.edu.sv\/index.php\/realizan-semana-de-la-responsabilidad-legal-con-el-medio-ambiente-en-la-utec-2\/","title":{"rendered":"Realizan Semana de la Responsabilidad Legal con el Medio Ambiente en la Utec"},"content":{"rendered":"\n<p class=\"has-text-color has-link-color wp-elements-23645075e49f705b38c7bbfeff70dc68\" style=\"color:#5a1533\"><strong>La educaci\u00f3n ambiental y la conciencia ciudadana fue el principal tema de abordaje durante las diversas actividades que se organizaron durante el c\u00f3nclave.<\/strong><\/p>\n\n\n\n<figure class=\"wp-block-audio\"><audio controls src=\"https:\/\/lapalabra.utec.edu.sv\/wp-content\/uploads\/2024\/11\/seresma.mp3\"><\/audio><figcaption class=\"wp-element-caption\"><em><sub>Escuchar nota<\/sub><\/em><\/figcaption><\/figure>\n\n\n\n<p><em>Wilber Corpe\u00f1o<br>La Palabra Universitaria<\/em><\/p>\n\n\n\n<p>La facultad de derecho de la Universidad Tecnol\u00f3gica de El Salvador (Utec) realiz\u00f3 la Semana de la Responsabilidad Legal con el Medio Ambiente (SERESMA), un espacio en el que estudiantes y docentes de la referida unidad acad\u00e9mica, de la mano de expertos, se embarcaron en el an\u00e1lisis, reflexi\u00f3n y discusi\u00f3n de diversas tem\u00e1ticas medioambientales.<\/p>\n\n\n\n<p>De acuerdo con los organizadores, el prop\u00f3sito principal de este c\u00f3nclave se enfoca en sensibilizar a la comunidad educativa sobre la importancia de la protecci\u00f3n legal del medioambiente y la adopci\u00f3n de pr\u00e1cticas sostenibles.<\/p>\n\n\n\n<p>Durante el desarrollo de SERESMA, estudiantes, docentes y especialistas del \u00e1mbito legal y ambiental participaron en conferencias, talleres y otras actividades que se desarrollaron de manera presencial y virtual, donde se discutieron los principales desaf\u00edos legales que enfrenta la protecci\u00f3n del medio ambiente en el pa\u00eds.<\/p>\n\n\n<div class=\"wp-block-image\">\n<figure class=\"alignright size-full\"><img loading=\"lazy\" decoding=\"async\" width=\"400\" height=\"251\" src=\"https:\/\/lapalabra.utec.edu.sv\/wp-content\/uploads\/2024\/11\/seresma2.jpg\" alt=\"\" class=\"wp-image-2436\" srcset=\"https:\/\/lapalabra.utec.edu.sv\/wp-content\/uploads\/2024\/11\/seresma2.jpg 400w, https:\/\/lapalabra.utec.edu.sv\/wp-content\/uploads\/2024\/11\/seresma2-300x188.jpg 300w, https:\/\/lapalabra.utec.edu.sv\/wp-content\/uploads\/2024\/11\/seresma2-150x95.jpg 150w\" sizes=\"auto, (max-width: 400px) 100vw, 400px\" \/><\/figure>\n<\/div>\n\n\n<p>La educaci\u00f3n ambiental y la conciencia ciudadana fue el t\u00f3pico principal que se abord\u00f3 en el evento, mismo que permiti\u00f3 el an\u00e1lisis de diversas tem\u00e1ticas como la simbiosis del derecho de la salud y el derecho medioambiental, la incidencia de la mujer en el medio ambiente y la soberan\u00eda alimenticia, el derecho humano al medio ambiente, la responsabilidad empresarial en relaci\u00f3n con la conciencia ambiental, entre otros.<\/p>\n\n\n\n<p>De acuerdo con los organizadores, este tipo de actividades no solo promueven el conocimiento te\u00f3rico, sino que inspira a la comunidad universitaria a asumir una posici\u00f3n activa y responsable en la preservaci\u00f3n del medio ambiente.<\/p>\n\n\n\n<p>Resaltan que las actividades de SERESMA incluyen una serie de charlas impartidas por expertos locales e internacionales, quienes discutieron casos emblem\u00e1ticos sobre conflictos ambientales y analizaron la evoluci\u00f3n de las leyes ambientales en la regi\u00f3n.<\/p>\n","protected":false},"excerpt":{"rendered":"<p>La educaci\u00f3n ambiental y la conciencia ciudadana fue el principal tema de abordaje durante las diversas actividades que se organizaron durante el c\u00f3nclave. Wilber Corpe\u00f1oLa Palabra Universitaria La facultad de derecho de la Universidad Tecnol\u00f3gica de El Salvador (Utec) realiz\u00f3 la Semana de la Responsabilidad Legal con el Medio Ambiente (SERESMA), un espacio en el&#8230;<\/p>\n","protected":false},"author":1,"featured_media":2435,"comment_status":"open","ping_status":"open","sticky":false,"template":"","format":"standard","meta":{"footnotes":""},"categories":[3,10,1,7],"tags":[75,34,548,73],"class_list":["post-2420","post","type-post","status-publish","format-standard","has-post-thumbnail","hentry","category-conferencias-utec","category-derecho","category-campus-utec","category-facultades","tag-facultad-de-derecho","tag-medio-ambiente","tag-semana-de-la-responsabilidad-legal","tag-seresma"],"_links":{"self":[{"href":"https:\/\/lapalabra.utec.edu.sv\/index.php\/wp-json\/wp\/v2\/posts\/2420","targetHints":{"allow":["GET"]}}],"collection":[{"href":"https:\/\/lapalabra.utec.edu.sv\/index.php\/wp-json\/wp\/v2\/posts"}],"about":[{"href":"https:\/\/lapalabra.utec.edu.sv\/index.php\/wp-json\/wp\/v2\/types\/post"}],"author":[{"embeddable":true,"href":"https:\/\/lapalabra.utec.edu.sv\/index.php\/wp-json\/wp\/v2\/users\/1"}],"replies":[{"embeddable":true,"href":"https:\/\/lapalabra.utec.edu.sv\/index.php\/wp-json\/wp\/v2\/comments?post=2420"}],"version-history":[{"count":3,"href":"https:\/\/lapalabra.utec.edu.sv\/index.php\/wp-json\/wp\/v2\/posts\/2420\/revisions"}],"predecessor-version":[{"id":2450,"href":"https:\/\/lapalabra.utec.edu.sv\/index.php\/wp-json\/wp\/v2\/posts\/2420\/revisions\/2450"}],"wp:featuredmedia":[{"embeddable":true,"href":"https:\/\/lapalabra.utec.edu.sv\/index.php\/wp-json\/wp\/v2\/media\/2435"}],"wp:attachment":[{"href":"https:\/\/lapalabra.utec.edu.sv\/index.php\/wp-json\/wp\/v2\/media?parent=2420"}],"wp:term":[{"taxonomy":"category","embeddable":true,"href":"https:\/\/lapalabra.utec.edu.sv\/index.php\/wp-json\/wp\/v2\/categories?post=2420"},{"taxonomy":"post_tag","embeddable":true,"href":"https:\/\/lapalabra.utec.edu.sv\/index.php\/wp-json\/wp\/v2\/tags?post=2420"}],"curies":[{"name":"wp","href":"https:\/\/api.w.org\/{rel}","templated":true}]}}