{"id":2325,"date":"2024-10-11T15:35:35","date_gmt":"2024-10-11T21:35:35","guid":{"rendered":"https:\/\/lapalabra.utec.edu.sv\/?p=2325"},"modified":"2024-10-11T15:35:35","modified_gmt":"2024-10-11T21:35:35","slug":"para-celebrar-dia-nacional-del-juego-desarrollan-taller-sobre-psicomotricidad-en-la-utec","status":"publish","type":"post","link":"https:\/\/lapalabra.utec.edu.sv\/index.php\/para-celebrar-dia-nacional-del-juego-desarrollan-taller-sobre-psicomotricidad-en-la-utec\/","title":{"rendered":"Para celebrar D\u00eda Nacional del Juego desarrollan taller sobre psicomotricidad en la Utec"},"content":{"rendered":"\n<p class=\"has-text-color has-link-color wp-elements-b4b7c351f999a27c353455e93a43668e\" style=\"color:#5a1533\"><strong>Esta actividad fue realizada por la escuela de psicolog\u00eda en el marco de la celebraci\u00f3n de la Semana de la Salud Mental.<\/strong><\/p>\n\n\n\n<p><em>Miguel Castillo<br>Fotos: Alexander Morales<br>La Palabra Universitaria<\/em><\/p>\n\n\n\n<p>Un taller enfocado en la psicomotricidad bajo la metodolog\u00eda Aucouturier fue realizado en el marco de las celebraciones del D\u00eda Nacional del Juego y la Semana de la Salud Mental, por parte de la escuela de psicolog\u00eda de la facultad de ciencias sociales de la Universidad Tecnol\u00f3gica de El Salvador (Utec).<\/p>\n\n\n\n<p>La actividad estuvo dirigida por Vladimir Menj\u00edvar, especialista en psicomotricidad del Instituto Globo Italia.<\/p>\n\n\n\n<p>El objetivo principal de este taller fue que los estudiantes aprendieran jugando sobre los beneficios de la psicomotricidad; por lo que, mediante una serie de din\u00e1micas l\u00fadicas, los participantes no solo explorar\u00e1n c\u00f3mo mejorar sus habilidades motrices, sino tambi\u00e9n c\u00f3mo relacionarse mejor con su entorno y potenciar su desarrollo personal y social.<\/p>\n\n\n\n<p>\u201cEl juego es una herramienta fundamental para el desarrollo integral, ya que permite a los estudiantes conectarse con su cuerpo, emociones y el mundo que los rodea\u201d, afirm\u00f3 Menj\u00edvar durante su intervenci\u00f3n.<\/p>\n\n\n\n<p>La metodolog\u00eda Aucouturier, desarrollada por el franc\u00e9s Bernard Aucouturier, se basa en el concepto de que el movimiento es esencial para el desarrollo ps\u00edquico del ser humano; en este sentido, el taller permiti\u00f3 a los participantes explorar estas ideas a trav\u00e9s de actividades f\u00edsicas que fomentaron tanto el bienestar f\u00edsico como mental.<\/p>\n\n\n<div class=\"wp-block-image\">\n<figure class=\"alignright size-full\"><img loading=\"lazy\" decoding=\"async\" width=\"400\" height=\"244\" src=\"https:\/\/lapalabra.utec.edu.sv\/wp-content\/uploads\/2024\/10\/semana-psicolo1.jpg\" alt=\"\" class=\"wp-image-2322\" srcset=\"https:\/\/lapalabra.utec.edu.sv\/wp-content\/uploads\/2024\/10\/semana-psicolo1.jpg 400w, https:\/\/lapalabra.utec.edu.sv\/wp-content\/uploads\/2024\/10\/semana-psicolo1-300x183.jpg 300w\" sizes=\"auto, (max-width: 400px) 100vw, 400px\" \/><figcaption class=\"wp-element-caption\"><em><sub>El vicerrector acad\u00e9mico de la Utec participa en una din\u00e1mica junto a estudiantes durante el D\u00eda Nacional del Juego.<\/sub><\/em><\/figcaption><\/figure>\n<\/div>\n\n\n<p>Esta actividad fue organizada como parte de la Semana de la Salud Mental, denominada El aporte de la psicolog\u00eda al desarrollo humano. Durante el c\u00f3nclave se desarrollaron diversas actividades acad\u00e9micas y l\u00fadicas que resaltaron el papel clave de la psicolog\u00eda en la mejora de la calidad de vida.<\/p>\n\n\n\n<p>Adem\u00e1s del taller se realiz\u00f3 la Feria del Juego Utec, un evento que tuvo lugar en los pasillos del edificio Sim\u00f3n Bol\u00edvar, organizada por las c\u00e1tedras de salud mental y g\u00e9nero.<\/p>\n\n\n\n<p>La feria reuni\u00f3 a estudiantes de la licenciatura en psicolog\u00eda quienes, a trav\u00e9s de juegos educativos, propusieron din\u00e1micas que integran el aprendizaje y el entretenimiento.<\/p>\n\n\n\n<p>Estas actividades evidencian el compromiso de la escuela de psicolog\u00eda y las diversas c\u00e1tedras por promover un enfoque integral de la salud mental y el desarrollo humano, donde el juego y el aprendizaje se entrelazan para formar futuros profesionales capaces de impactar positivamente en la sociedad.<\/p>\n","protected":false},"excerpt":{"rendered":"<p>Esta actividad fue realizada por la escuela de psicolog\u00eda en el marco de la celebraci\u00f3n de la Semana de la Salud Mental. Miguel CastilloFotos: Alexander MoralesLa Palabra Universitaria Un taller enfocado en la psicomotricidad bajo la metodolog\u00eda Aucouturier fue realizado en el marco de las celebraciones del D\u00eda Nacional del Juego y la Semana de&#8230;<\/p>\n","protected":false},"author":1,"featured_media":2323,"comment_status":"open","ping_status":"open","sticky":false,"template":"","format":"standard","meta":{"footnotes":""},"categories":[1],"tags":[],"class_list":["post-2325","post","type-post","status-publish","format-standard","has-post-thumbnail","hentry","category-campus-utec"],"_links":{"self":[{"href":"https:\/\/lapalabra.utec.edu.sv\/index.php\/wp-json\/wp\/v2\/posts\/2325","targetHints":{"allow":["GET"]}}],"collection":[{"href":"https:\/\/lapalabra.utec.edu.sv\/index.php\/wp-json\/wp\/v2\/posts"}],"about":[{"href":"https:\/\/lapalabra.utec.edu.sv\/index.php\/wp-json\/wp\/v2\/types\/post"}],"author":[{"embeddable":true,"href":"https:\/\/lapalabra.utec.edu.sv\/index.php\/wp-json\/wp\/v2\/users\/1"}],"replies":[{"embeddable":true,"href":"https:\/\/lapalabra.utec.edu.sv\/index.php\/wp-json\/wp\/v2\/comments?post=2325"}],"version-history":[{"count":1,"href":"https:\/\/lapalabra.utec.edu.sv\/index.php\/wp-json\/wp\/v2\/posts\/2325\/revisions"}],"predecessor-version":[{"id":2326,"href":"https:\/\/lapalabra.utec.edu.sv\/index.php\/wp-json\/wp\/v2\/posts\/2325\/revisions\/2326"}],"wp:featuredmedia":[{"embeddable":true,"href":"https:\/\/lapalabra.utec.edu.sv\/index.php\/wp-json\/wp\/v2\/media\/2323"}],"wp:attachment":[{"href":"https:\/\/lapalabra.utec.edu.sv\/index.php\/wp-json\/wp\/v2\/media?parent=2325"}],"wp:term":[{"taxonomy":"category","embeddable":true,"href":"https:\/\/lapalabra.utec.edu.sv\/index.php\/wp-json\/wp\/v2\/categories?post=2325"},{"taxonomy":"post_tag","embeddable":true,"href":"https:\/\/lapalabra.utec.edu.sv\/index.php\/wp-json\/wp\/v2\/tags?post=2325"}],"curies":[{"name":"wp","href":"https:\/\/api.w.org\/{rel}","templated":true}]}}