{"id":219,"date":"2023-05-26T16:15:06","date_gmt":"2023-05-26T22:15:06","guid":{"rendered":"https:\/\/palabra.utec.edu.sv\/?p=219"},"modified":"2023-06-01T16:15:22","modified_gmt":"2023-06-01T22:15:22","slug":"dictan-ponencia-sobre-influencia-de-otras-culturas-en-las-tradiciones-de-el-salvador","status":"publish","type":"post","link":"https:\/\/lapalabra.utec.edu.sv\/index.php\/dictan-ponencia-sobre-influencia-de-otras-culturas-en-las-tradiciones-de-el-salvador\/","title":{"rendered":"Dictan ponencia sobre influencia de otras culturas en las tradiciones de El Salvador"},"content":{"rendered":"\n<p class=\"has-text-color\" style=\"color:#5a1533\"><strong>El director de la escuela de antropolog\u00eda de la Utec, Julio Mart\u00ednez, fue el responsable de compartir la magistral charla que se desarroll\u00f3 a trav\u00e9s de la virtualidad.<\/strong><\/p>\n\n\n\n<p><em>Evelin Herrera<\/em><br><em>La Palabra Universitaria<\/em><\/p>\n\n\n\n<p>Influencia hispana en las tradiciones salvadore\u00f1as fue el tema central de una ponencia virtual, impartida por el director de la escuela de antropolog\u00eda de la Universidad Tecnol\u00f3gica de El Salvador (Utec), Julio Cesar Mart\u00ednez, a estudiantes de la asignatura Realidad nacional.<\/p>\n\n\n\n<p>La ponencia fue desarrollada con el prop\u00f3sito de entender la identidad salvadore\u00f1a y comprenderla para que cada uno pueda sentirse orgulloso de sus ra\u00edces. As\u00ed mismo, dio lugar para conocer que algunas tradiciones que se consideran propias en realidad han sido adoptadas culturalmente por la influencia de los espa\u00f1oles.<\/p>\n\n\n\n<p>En ese sentido, Mart\u00ednez explica algunos t\u00e9rminos que son fundamentales para entender c\u00f3mo tradiciones de algunos pa\u00edses pueden adoptarse en otros, ante esto menciona el sincretismo, aculturaci\u00f3n y cultura dominante y hegem\u00f3nica.<\/p>\n\n\n\n<p>\u201cEl sincretismo es una combinaci\u00f3n de elementos culturales mediante el cual dos tradiciones diferentes se ven obligadas a convivir durante un per\u00edodo de tiempo; aculturaci\u00f3n es el ejercicio de transferencia de la cultura que se da cuando dos grupos culturales aut\u00f3nomos est\u00e1n en contacto; y la cultura dominante es la que tiene mayor influencia sobre otras\u201d, expresa el ponente.<\/p>\n\n\n\n<p>En ese contexto, Mart\u00ednez explica que, en el caso de El Salvador, la cultura dominante fue la espa\u00f1ola, que influy\u00f3 sobre los pueblos originarios, quienes se sometieron a los aspectos culturales que tra\u00edan los espa\u00f1oles.<\/p>\n\n\n\n<p>Mart\u00ednez ha mostrado ejemplos de tradiciones que se celebran en El Salvador, pero que han sido adoptadas de otras culturas; entre ellas menciona la celebraci\u00f3n del Torito Pinto, la rosca de reyes, las Guadalupes, Talcihuines, Moros y cristianos y las alfombras de Semana Santa.<\/p>\n\n\n\n<p>\u201cEn Espa\u00f1a se celebra el toro embolado, que es un toro vivo que se inmoviliza para colocarle cuernos met\u00e1licos donde se le ponen bolas de fuego y, aqu\u00ed en El Salvador, se le conoce como el torito pinto, que es una escultura de un toro que se carga en los hombros y que tira luces\u201d, dice Mart\u00ednez.<\/p>\n\n\n\n<p>Otro ejemplo que brind\u00f3 fue el de la rosca de reyes, la cual en el pa\u00eds se comenz\u00f3 a conocer hace unos diez a\u00f1os. \u201cEs originalmente del solsticio de invierno, una fiesta para Saturno por los romanos. Posteriormente pas\u00f3 por los franceses, luego lleg\u00f3 a Espa\u00f1a y mucho tiempo despu\u00e9s se adopta en El Salvador\u201d.<\/p>\n\n\n\n<p>Por otro lado, comparti\u00f3 que, en Granada, en el D\u00eda de la Cruz compiten para tener la mejor cruz adorna con diferentes flores; sin embargo, en Am\u00e9rica esa celebraci\u00f3n se relaciona con la fecundidad y fertilidad, por lo que se adora al dios de la carnalidad, Tlazolteotl.<\/p>\n\n\n\n<p>Mart\u00ednez concluye expresando que existe una enorme influencia en el desarrollo de la cultura y tradiciones salvadore\u00f1as, debido a que \u201ccuando los espa\u00f1oles llegaron al continente no solo vinieron con espadas, tambi\u00e9n ven\u00edan con enfermedades; sin embargo, ten\u00edan superioridad t\u00e9cnica y econ\u00f3mica, por lo que los pueblos ind\u00edgenas cedieron ante ellos.<\/p>\n","protected":false},"excerpt":{"rendered":"<p>El director de la escuela de antropolog\u00eda de la Utec, Julio Mart\u00ednez, fue el responsable de compartir la magistral charla que se desarroll\u00f3 a trav\u00e9s de la virtualidad. Evelin HerreraLa Palabra Universitaria Influencia hispana en las tradiciones salvadore\u00f1as fue el tema central de una ponencia virtual, impartida por el director de la escuela de antropolog\u00eda&#8230;<\/p>\n","protected":false},"author":1,"featured_media":231,"comment_status":"open","ping_status":"open","sticky":false,"template":"","format":"standard","meta":{"footnotes":""},"categories":[9,3,1,7],"tags":[47,31,46],"class_list":["post-219","post","type-post","status-publish","format-standard","has-post-thumbnail","hentry","category-ciencias-sociales","category-conferencias-utec","category-campus-utec","category-facultades","tag-catedra-de-realidad-nacional","tag-escuela-de-antropologia","tag-realidad-nacional"],"_links":{"self":[{"href":"https:\/\/lapalabra.utec.edu.sv\/index.php\/wp-json\/wp\/v2\/posts\/219","targetHints":{"allow":["GET"]}}],"collection":[{"href":"https:\/\/lapalabra.utec.edu.sv\/index.php\/wp-json\/wp\/v2\/posts"}],"about":[{"href":"https:\/\/lapalabra.utec.edu.sv\/index.php\/wp-json\/wp\/v2\/types\/post"}],"author":[{"embeddable":true,"href":"https:\/\/lapalabra.utec.edu.sv\/index.php\/wp-json\/wp\/v2\/users\/1"}],"replies":[{"embeddable":true,"href":"https:\/\/lapalabra.utec.edu.sv\/index.php\/wp-json\/wp\/v2\/comments?post=219"}],"version-history":[{"count":1,"href":"https:\/\/lapalabra.utec.edu.sv\/index.php\/wp-json\/wp\/v2\/posts\/219\/revisions"}],"predecessor-version":[{"id":220,"href":"https:\/\/lapalabra.utec.edu.sv\/index.php\/wp-json\/wp\/v2\/posts\/219\/revisions\/220"}],"wp:featuredmedia":[{"embeddable":true,"href":"https:\/\/lapalabra.utec.edu.sv\/index.php\/wp-json\/wp\/v2\/media\/231"}],"wp:attachment":[{"href":"https:\/\/lapalabra.utec.edu.sv\/index.php\/wp-json\/wp\/v2\/media?parent=219"}],"wp:term":[{"taxonomy":"category","embeddable":true,"href":"https:\/\/lapalabra.utec.edu.sv\/index.php\/wp-json\/wp\/v2\/categories?post=219"},{"taxonomy":"post_tag","embeddable":true,"href":"https:\/\/lapalabra.utec.edu.sv\/index.php\/wp-json\/wp\/v2\/tags?post=219"}],"curies":[{"name":"wp","href":"https:\/\/api.w.org\/{rel}","templated":true}]}}