{"id":215,"date":"2023-05-26T16:12:15","date_gmt":"2023-05-26T22:12:15","guid":{"rendered":"https:\/\/palabra.utec.edu.sv\/?p=215"},"modified":"2023-06-01T16:12:27","modified_gmt":"2023-06-01T22:12:27","slug":"celebran-en-la-utec-dia-mundial-de-la-diversidad-cultural-para-el-dialogo-y-el-desarrollo","status":"publish","type":"post","link":"https:\/\/lapalabra.utec.edu.sv\/index.php\/celebran-en-la-utec-dia-mundial-de-la-diversidad-cultural-para-el-dialogo-y-el-desarrollo\/","title":{"rendered":"Celebran en la Utec D\u00eda Mundial de la Diversidad Cultural para el Di\u00e1logo y el Desarrollo"},"content":{"rendered":"\n<p class=\"has-text-color\" style=\"color:#5a1533\"><strong>En ese contexto se present\u00f3 el libro \u201cNechilwiat katka ka seujti (Me contaban que una vez) \u2026\u201d, de la editorial El Salvador.<\/strong><\/p>\n\n\n\n<p><em>Wilber Corpe\u00f1o<\/em><br><em>La Palabra Universitaria<\/em><\/p>\n\n\n\n<p>Uno de los principales auditorios de la Universidad Tecnol\u00f3gica de El Salvador (Utec) fue el escenario que alberg\u00f3 la celebraci\u00f3n del D\u00eda Mundial de la Diversidad Cultural para el Di\u00e1logo y el Desarrollo.<\/p>\n\n\n\n<p>La jornada, que fue desarrollada de manera conjunta entre la c\u00e1tedra ind\u00edgena n\u00e1huat, de la escuela de idiomas, y el Ministerio de Cultura, fue oportuna para la presentaci\u00f3n del libro \u201cNechilwiat katka ka seujti (Me contaban que una vez) \u2026\u201d el primer libro bajo el sello Editorial El Salvador.<\/p>\n\n\n\n<p>La publicaci\u00f3n re\u00fane 52 relatos recogidos entre nahuahablantes de Santo Domingo de Guzm\u00e1n; el t\u00edtulo responde a que esta recopilaci\u00f3n de oralitura rescata antiguas historias que inician siempre con las mismas palabras: \u201cMe contaban que una vez\u201d.<\/p>\n\n\n\n<p>Esta recopilaci\u00f3n y traducci\u00f3n de los relatos, contados originalmente en la lengua materna de los informantes, estuvo a cargo del neohablante Josu\u00e9 Ramos, quien a lo largo de cinco a\u00f1os recogi\u00f3 las historias contadas por Visitaci\u00f3n y Felipe Garc\u00eda, Mar\u00eda L\u00f3pez, Francisco e Isabel Ram\u00edrez, Fidelina Cortez y Antonia Ram\u00edrez.<\/p>\n\n\n\n<p>La coordinadora de la c\u00e1tedra ind\u00edgena n\u00e1huat de la Utec, Morena Guadalupe Maga\u00f1a, apunta que el 21 de mayo es el d\u00eda en el que se celebra la diversidad cultural que marca la identidad de la regi\u00f3n y destaca su contribuci\u00f3n al desarrollo sostenible.<\/p>\n\n\n\n<p>\u201cAl tiempo que nos recuerda la importancia de promover el di\u00e1logo intercultural en el campo de la educaci\u00f3n universitaria, para la construcci\u00f3n de sociedades inclusivas, pac\u00edficas y garantes de los derechos humanos\u201d, agrega.<\/p>\n\n\n\n<p>Enfatiza que en los tiempos actuales es muy necesario reconocer que un aula diversa desde el punto de vista multicultural no solo ser\u00e1 m\u00e1s inclusiva, sino tambi\u00e9n potenciar\u00e1 el aprendizaje y el rendimiento de los estudiantes, pues un entorno educativo multicultural no solo ser\u00e1 m\u00e1s innovador, sino que ser\u00e1 adem\u00e1s m\u00e1s productivo y, porque no decirlo, hasta m\u00e1s rentable econ\u00f3micamente para un pa\u00eds y su poblaci\u00f3n.<\/p>\n\n\n\n<p>\u201cPor eso en este d\u00eda queremos resaltar que, cada lengua ind\u00edgena tiene un valor incalculable para la humanidad. Son tesoros cargados de historia, de sentires y saberes, de valores, de literatura, de espiritualidad, de perspectivas, conocimientos y de un sinf\u00edn de cosmovisiones variopintas, desarrolladas a lo largo de miles de a\u00f1os, producto de su interacci\u00f3n con la naturaleza, con los bosques, los r\u00edos, los mares, la madre tierra\u201d, reflexiona.<\/p>\n","protected":false},"excerpt":{"rendered":"<p>En ese contexto se present\u00f3 el libro \u201cNechilwiat katka ka seujti (Me contaban que una vez) \u2026\u201d, de la editorial El Salvador. Wilber Corpe\u00f1oLa Palabra Universitaria Uno de los principales auditorios de la Universidad Tecnol\u00f3gica de El Salvador (Utec) fue el escenario que alberg\u00f3 la celebraci\u00f3n del D\u00eda Mundial de la Diversidad Cultural para el&#8230;<\/p>\n","protected":false},"author":1,"featured_media":230,"comment_status":"open","ping_status":"open","sticky":false,"template":"","format":"standard","meta":{"footnotes":""},"categories":[9,1,6,7],"tags":[96,95,97],"class_list":["post-215","post","type-post","status-publish","format-standard","has-post-thumbnail","hentry","category-ciencias-sociales","category-campus-utec","category-en-la-academia","category-facultades","tag-catedra-indigena-nahuat","tag-escuela-de-idiomas","tag-ministerio-de-cultura"],"_links":{"self":[{"href":"https:\/\/lapalabra.utec.edu.sv\/index.php\/wp-json\/wp\/v2\/posts\/215","targetHints":{"allow":["GET"]}}],"collection":[{"href":"https:\/\/lapalabra.utec.edu.sv\/index.php\/wp-json\/wp\/v2\/posts"}],"about":[{"href":"https:\/\/lapalabra.utec.edu.sv\/index.php\/wp-json\/wp\/v2\/types\/post"}],"author":[{"embeddable":true,"href":"https:\/\/lapalabra.utec.edu.sv\/index.php\/wp-json\/wp\/v2\/users\/1"}],"replies":[{"embeddable":true,"href":"https:\/\/lapalabra.utec.edu.sv\/index.php\/wp-json\/wp\/v2\/comments?post=215"}],"version-history":[{"count":1,"href":"https:\/\/lapalabra.utec.edu.sv\/index.php\/wp-json\/wp\/v2\/posts\/215\/revisions"}],"predecessor-version":[{"id":216,"href":"https:\/\/lapalabra.utec.edu.sv\/index.php\/wp-json\/wp\/v2\/posts\/215\/revisions\/216"}],"wp:featuredmedia":[{"embeddable":true,"href":"https:\/\/lapalabra.utec.edu.sv\/index.php\/wp-json\/wp\/v2\/media\/230"}],"wp:attachment":[{"href":"https:\/\/lapalabra.utec.edu.sv\/index.php\/wp-json\/wp\/v2\/media?parent=215"}],"wp:term":[{"taxonomy":"category","embeddable":true,"href":"https:\/\/lapalabra.utec.edu.sv\/index.php\/wp-json\/wp\/v2\/categories?post=215"},{"taxonomy":"post_tag","embeddable":true,"href":"https:\/\/lapalabra.utec.edu.sv\/index.php\/wp-json\/wp\/v2\/tags?post=215"}],"curies":[{"name":"wp","href":"https:\/\/api.w.org\/{rel}","templated":true}]}}