{"id":1990,"date":"2024-08-16T14:52:24","date_gmt":"2024-08-16T20:52:24","guid":{"rendered":"https:\/\/lapalabra.utec.edu.sv\/?p=1990"},"modified":"2024-08-16T14:52:24","modified_gmt":"2024-08-16T20:52:24","slug":"inicia-edicion-2024-del-torneo-de-baloncesto-anades-en-el-polideportivo-de-la-utec","status":"publish","type":"post","link":"https:\/\/lapalabra.utec.edu.sv\/index.php\/inicia-edicion-2024-del-torneo-de-baloncesto-anades-en-el-polideportivo-de-la-utec\/","title":{"rendered":"Inicia edici\u00f3n 2024 del torneo de baloncesto ANADES en el polideportivo de la Utec"},"content":{"rendered":"\n<p class=\"has-text-color has-link-color wp-elements-ebfd8915915053744ccacd6b44ad006a\" style=\"color:#5a1533\"><strong>Son 16 instituciones de educaci\u00f3n superior las que competir\u00e1n en un certamen dominado por los campeones defensores, las \u00c1guilas de la Utec.<\/strong><\/p>\n\n\n\n<figure class=\"wp-block-audio\"><audio controls src=\"https:\/\/lapalabra.utec.edu.sv\/wp-content\/uploads\/2024\/08\/torneo-anades.mp3\"><\/audio><figcaption class=\"wp-element-caption\"><em><sub>Escuchar nota<\/sub><\/em><\/figcaption><\/figure>\n\n\n\n<p><em>Vami Villatoro<br>Fotos: Alexander Morales<br>La Palabra Universitaria<\/em><\/p>\n\n\n\n<p>Con gran entusiasmo y un ambiente festivo se inaugur\u00f3 la edici\u00f3n 2024 del torneo de baloncesto de la Asociaci\u00f3n Nacional Deportiva de Educaci\u00f3n Superior (ANADES), en el polideportivo de la Universidad Tecnol\u00f3gica de El Salvador (Utec).<\/p>\n\n\n\n<p>Este esperado certamen deportivo, que contar\u00e1 con la participaci\u00f3n de 16 instituciones de educaci\u00f3n superior en las categor\u00edas masculina y femenina, promete una intensa competencia por el t\u00edtulo que ha sido defendido en los \u00faltimos a\u00f1os por el equipo local, las \u00c1guilas de la Utec.<\/p>\n\n\n\n<p>La ceremonia de inauguraci\u00f3n estuvo marcada por la asistencia de estudiantes, autoridades universitarias, y la animada participaci\u00f3n de una banda estudiantil que llen\u00f3 de energ\u00eda el recinto.<\/p>\n\n\n\n<p>Entre aplausos y v\u00edtores, los equipos fueron presentados mientras los aficionados se preparaban para el espect\u00e1culo deportivo que se avecinaba.<\/p>\n\n\n\n<p>En un emotivo momento del evento, se rindi\u00f3 homenaje al legado del presidente fundador y Rector Honorario Vitalicio de la Utec, doctor Jos\u00e9 Mauricio Loucel, con un minuto de silencio en su memoria, recordando su valiosa contribuci\u00f3n al crecimiento y desarrollo de esta casa de estudios.<\/p>\n\n\n<div class=\"wp-block-image\">\n<figure class=\"alignright size-full\"><img loading=\"lazy\" decoding=\"async\" width=\"400\" height=\"224\" src=\"https:\/\/lapalabra.utec.edu.sv\/wp-content\/uploads\/2024\/08\/torneo-anades2.jpg\" alt=\"\" class=\"wp-image-2007\" srcset=\"https:\/\/lapalabra.utec.edu.sv\/wp-content\/uploads\/2024\/08\/torneo-anades2.jpg 400w, https:\/\/lapalabra.utec.edu.sv\/wp-content\/uploads\/2024\/08\/torneo-anades2-300x168.jpg 300w\" sizes=\"auto, (max-width: 400px) 100vw, 400px\" \/><\/figure>\n<\/div>\n\n\n<p>El partido inaugural enfrent\u00f3 a las \u00c1guilas de la Utec, campeones defensores del torneo, contra el combinado de la Universidad Pedag\u00f3gica de El Salvador (UPED).<\/p>\n\n\n\n<p>En un duelo dominado por los locales, las \u00c1guilas demostraron su poder\u00edo y se impusieron con un contundente marcador de 62 a 27, dejando claro que su objetivo es mantener el campeonato en casa.<\/p>\n\n\n\n<p>El torneo ANADES 2024 se perfila como una vibrante competencia donde los equipos participantes luchar\u00e1n por desbancar a los actuales campeones.<\/p>\n\n\n\n<p>La comunidad universitaria de la Utec espera con ansias los pr\u00f3ximos encuentros, en los que el deporte ser\u00e1 el protagonista y la pasi\u00f3n por el baloncesto brillar\u00e1 en cada partido.<\/p>\n","protected":false},"excerpt":{"rendered":"<p>Son 16 instituciones de educaci\u00f3n superior las que competir\u00e1n en un certamen dominado por los campeones defensores, las \u00c1guilas de la Utec. Vami VillatoroFotos: Alexander MoralesLa Palabra Universitaria Con gran entusiasmo y un ambiente festivo se inaugur\u00f3 la edici\u00f3n 2024 del torneo de baloncesto de la Asociaci\u00f3n Nacional Deportiva de Educaci\u00f3n Superior (ANADES), en el&#8230;<\/p>\n","protected":false},"author":1,"featured_media":2006,"comment_status":"open","ping_status":"open","sticky":false,"template":"","format":"standard","meta":{"footnotes":""},"categories":[112],"tags":[262,121,128,169],"class_list":["post-1990","post","type-post","status-publish","format-standard","has-post-thumbnail","hentry","category-deportes","tag-aguilas-utec","tag-baloncesto","tag-estudiantes","tag-torneo-anades"],"_links":{"self":[{"href":"https:\/\/lapalabra.utec.edu.sv\/index.php\/wp-json\/wp\/v2\/posts\/1990","targetHints":{"allow":["GET"]}}],"collection":[{"href":"https:\/\/lapalabra.utec.edu.sv\/index.php\/wp-json\/wp\/v2\/posts"}],"about":[{"href":"https:\/\/lapalabra.utec.edu.sv\/index.php\/wp-json\/wp\/v2\/types\/post"}],"author":[{"embeddable":true,"href":"https:\/\/lapalabra.utec.edu.sv\/index.php\/wp-json\/wp\/v2\/users\/1"}],"replies":[{"embeddable":true,"href":"https:\/\/lapalabra.utec.edu.sv\/index.php\/wp-json\/wp\/v2\/comments?post=1990"}],"version-history":[{"count":3,"href":"https:\/\/lapalabra.utec.edu.sv\/index.php\/wp-json\/wp\/v2\/posts\/1990\/revisions"}],"predecessor-version":[{"id":2008,"href":"https:\/\/lapalabra.utec.edu.sv\/index.php\/wp-json\/wp\/v2\/posts\/1990\/revisions\/2008"}],"wp:featuredmedia":[{"embeddable":true,"href":"https:\/\/lapalabra.utec.edu.sv\/index.php\/wp-json\/wp\/v2\/media\/2006"}],"wp:attachment":[{"href":"https:\/\/lapalabra.utec.edu.sv\/index.php\/wp-json\/wp\/v2\/media?parent=1990"}],"wp:term":[{"taxonomy":"category","embeddable":true,"href":"https:\/\/lapalabra.utec.edu.sv\/index.php\/wp-json\/wp\/v2\/categories?post=1990"},{"taxonomy":"post_tag","embeddable":true,"href":"https:\/\/lapalabra.utec.edu.sv\/index.php\/wp-json\/wp\/v2\/tags?post=1990"}],"curies":[{"name":"wp","href":"https:\/\/api.w.org\/{rel}","templated":true}]}}