{"id":1487,"date":"2024-05-10T09:13:00","date_gmt":"2024-05-10T15:13:00","guid":{"rendered":"https:\/\/lapalabra.utec.edu.sv\/?p=1487"},"modified":"2024-05-09T17:22:18","modified_gmt":"2024-05-09T23:22:18","slug":"clausuran-diplomado-sobre-primeros-auxilios-psicologicos","status":"publish","type":"post","link":"https:\/\/lapalabra.utec.edu.sv\/index.php\/clausuran-diplomado-sobre-primeros-auxilios-psicologicos\/","title":{"rendered":"Clausuran diplomado sobre primeros auxilios psicol\u00f3gicos"},"content":{"rendered":"\n<p class=\"has-text-color has-link-color wp-elements-84b3f48bfc32e64dec399ddd14b247a9\" style=\"color:#5a1533\"><strong>El proyecto formativo es parte de las acciones estrat\u00e9gicas que impulsa la Utec con docentes que pertenecen a la red de instituciones de educaci\u00f3n media.<\/strong><\/p>\n\n\n\n<p><em>Wilber Corpe\u00f1o<br>Fotos: Alexander Morales<br>La Palabra Universitaria<\/em><\/p>\n\n\n\n<p>Un grupo de profesores provenientes de diversos centros educativos que son parte de la red de instituciones de educaci\u00f3n media recibieron sus diplomas de participaci\u00f3n y aprobaci\u00f3n del diplomado especializado sobre Primeros Auxilios Psicol\u00f3gicos (PAP) que se imparti\u00f3 en los salones de clase de la Universidad Tecnol\u00f3gica de El Salvador (Utec).<\/p>\n\n\n\n<p>Esta iniciativa es impulsada desde la unidad de nuevo ingreso de la Utec, la cual es parte de las acciones estrat\u00e9gicas que la casa de estudios superiores impulsa con las instituciones de la mencionada red, con la finalidad de fortalecer las competencias de los profesores de esos centros educativos.<\/p>\n\n\n\n<p>Por lo tanto, el proyecto formativo se centr\u00f3 en objetivos como reducir el nivel de estr\u00e9s inicial causado por el evento traum\u00e1tico, fomentar la adaptaci\u00f3n a corto, medio y largo plazo, y potenciar las estrategias de afrontamiento.<\/p>\n\n\n\n<p>Los organizadores explicaron que el PAP es un enfoque modular, basado en evidencias y destinado a ayudar a ni\u00f1os, adolescentes, adultos y familias afectadas por un incidente cr\u00edtico.<\/p>\n\n\n\n<p>El diplomado tuvo una duraci\u00f3n de cinco semanas cumpliendo tres horas y media semanales, en modalidad presencial, con recursos de auto evaluaci\u00f3n, t\u00e9cnicas y estrategias pr\u00e1cticas.<\/p>\n\n\n\n<p>Los participantes han adquirido habilidades para la correcta aplicaci\u00f3n de los primeros auxilios psicol\u00f3gicos, considerando las necesidades emocionales, respetando la seguridad, la dignidad y los derechos de quienes los reciben, incorporando en todo momento acciones de autocuido de quienes ofrecen el PAP.<\/p>\n\n\n\n<p>Al termino de este curso los participantes han podido adquirir competencias especializadas como reconocer las habilidades cognoscitivas y emocionales en la aplicaci\u00f3n de los PAP, gestionar una correcta actuaci\u00f3n en las intervenciones de primeros auxilios psicol\u00f3gicos originados por diversos estresores, y desarrollar acciones de autocuido para los facilitadores de estos auxilios.<\/p>\n","protected":false},"excerpt":{"rendered":"<p>El proyecto formativo es parte de las acciones estrat\u00e9gicas que impulsa la Utec con docentes que pertenecen a la red de instituciones de educaci\u00f3n media. Wilber Corpe\u00f1oFotos: Alexander MoralesLa Palabra Universitaria Un grupo de profesores provenientes de diversos centros educativos que son parte de la red de instituciones de educaci\u00f3n media recibieron sus diplomas de&#8230;<\/p>\n","protected":false},"author":1,"featured_media":1503,"comment_status":"open","ping_status":"open","sticky":false,"template":"","format":"standard","meta":{"footnotes":""},"categories":[2,1],"tags":[102,23,109,25],"class_list":["post-1487","post","type-post","status-publish","format-standard","has-post-thumbnail","hentry","category-capacitaciones-utec","category-campus-utec","tag-diplomado","tag-educacion-media","tag-primeros-auxilios","tag-red-de-colegios"],"_links":{"self":[{"href":"https:\/\/lapalabra.utec.edu.sv\/index.php\/wp-json\/wp\/v2\/posts\/1487","targetHints":{"allow":["GET"]}}],"collection":[{"href":"https:\/\/lapalabra.utec.edu.sv\/index.php\/wp-json\/wp\/v2\/posts"}],"about":[{"href":"https:\/\/lapalabra.utec.edu.sv\/index.php\/wp-json\/wp\/v2\/types\/post"}],"author":[{"embeddable":true,"href":"https:\/\/lapalabra.utec.edu.sv\/index.php\/wp-json\/wp\/v2\/users\/1"}],"replies":[{"embeddable":true,"href":"https:\/\/lapalabra.utec.edu.sv\/index.php\/wp-json\/wp\/v2\/comments?post=1487"}],"version-history":[{"count":1,"href":"https:\/\/lapalabra.utec.edu.sv\/index.php\/wp-json\/wp\/v2\/posts\/1487\/revisions"}],"predecessor-version":[{"id":1488,"href":"https:\/\/lapalabra.utec.edu.sv\/index.php\/wp-json\/wp\/v2\/posts\/1487\/revisions\/1488"}],"wp:featuredmedia":[{"embeddable":true,"href":"https:\/\/lapalabra.utec.edu.sv\/index.php\/wp-json\/wp\/v2\/media\/1503"}],"wp:attachment":[{"href":"https:\/\/lapalabra.utec.edu.sv\/index.php\/wp-json\/wp\/v2\/media?parent=1487"}],"wp:term":[{"taxonomy":"category","embeddable":true,"href":"https:\/\/lapalabra.utec.edu.sv\/index.php\/wp-json\/wp\/v2\/categories?post=1487"},{"taxonomy":"post_tag","embeddable":true,"href":"https:\/\/lapalabra.utec.edu.sv\/index.php\/wp-json\/wp\/v2\/tags?post=1487"}],"curies":[{"name":"wp","href":"https:\/\/api.w.org\/{rel}","templated":true}]}}