{"id":1279,"date":"2024-03-08T16:13:48","date_gmt":"2024-03-08T22:13:48","guid":{"rendered":"https:\/\/lapalabra.utec.edu.sv\/?p=1279"},"modified":"2024-03-08T16:13:48","modified_gmt":"2024-03-08T22:13:48","slug":"facultad-de-ciencias-sociales-desarrolla-convivio-con-padres-de-estudiantes-de-nuevo-ingreso","status":"publish","type":"post","link":"https:\/\/lapalabra.utec.edu.sv\/index.php\/facultad-de-ciencias-sociales-desarrolla-convivio-con-padres-de-estudiantes-de-nuevo-ingreso\/","title":{"rendered":"Facultad de ciencias sociales desarrolla convivio con padres de estudiantes de nuevo ingreso"},"content":{"rendered":"\n<p class=\"has-text-color has-link-color wp-elements-b9c71f5b9e8c05a1cf41eda45422d0a9\" style=\"color:#5a1533\"><strong>El auditorio De La Paz fue el punto de encuentro para m\u00e1s de 200 padres de familia que se dieron cita para compartir con los docentes de sus hijos y con algunas autoridades de la instituci\u00f3n.<\/strong><\/p>\n\n\n\n<p><em>Wilber Corpe\u00f1o<br>Fotos: Hugo Henr\u00edquez<br>La Palabra Universitaria<\/em><\/p>\n\n\n\n<p>Un particular encuentro tuvo lugar en el auditorio De La Paz de la Universidad Tecnol\u00f3gica de El Salvador (Utec), en el que los principales protagonistas fueron los padres y familiares de estudiantes de nuevo ingreso de las carreras administradas por la facultad de ciencias sociales, a trav\u00e9s de sus cuatro escuelas.<\/p>\n\n\n\n<p>El objetivo principal de esta reuni\u00f3n, dijeron las autoridades de la referida facultad, es que los padres de familia y\/o familiares conocieran a detalle las condiciones formativas de sus parientes; del mismo modo, que conocieran de cerca a los profesores responsables de la formaci\u00f3n de los j\u00f3venes que reci\u00e9n inician su carrera en la universidad.<\/p>\n\n\n\n<p>\u201cLo que nosotros buscamos con esta actividad es que ustedes, primero, conozcan las instalaciones de la universidad, que conozcan donde se est\u00e1n formando sus hijos. Queremos que ustedes sientan tambi\u00e9n lo que sus hijos, nietos, sobrinos o parientes sienten cuando est\u00e1n ah\u00ed sentados en esos pupitres que ahora ocupan ustedes\u201d, ha dicho ante la atenta mirada de los invitados la decana de la facultad de ciencias sociales, Arely Villalta de Parada.<\/p>\n\n\n\n<p>Del mismo modo agrega que este proyecto es una iniciativa considerada desde las altas autoridades de la Utec, que considera la importancia de poder hablar de cerca con los padres y poder darles a conocer las condiciones formativas en las que est\u00e1n los j\u00f3venes.<\/p>\n\n\n\n<p>\u201cTodo lo que hacemos con sus hijos es de vital importancia, y lo es m\u00e1s a\u00fan porque ustedes son nuestro apoyo, por lo tanto, ustedes m\u00e1s que nadie quieren que sus hijos tengan su t\u00edtulo al final de un proceso en el que le acompa\u00f1ar\u00e1n, de la misma forma que nosotros les acompa\u00f1amos a ellos\u201d, reflexiona.<\/p>\n\n\n\n<p>La decana apunta que la Utec es una instituci\u00f3n que est\u00e1 comprometida con los procesos formativos de los estudiantes y, por lo tanto, toda la planta docente y administrativa est\u00e1 comprometida para trabajar en la formaci\u00f3n de los j\u00f3venes.<\/p>\n\n\n\n<p>En la actividad participaron el rector, Nelson Z\u00e1rate; y el vicerrector acad\u00e9mico, Jos\u00e9 Modesto Ventura, quienes aprovecharon el momento para saludar a la concurrencia.<\/p>\n\n\n\n<p>Durante su saludo el rector destac\u00f3 ante los padres de familia y familiares de los reci\u00e9n ingresados estudiantes, que en la Utec se desarrollan procesos formativos integrales en los que, del mismo modo, se busca formar profesionales integrales.<\/p>\n\n\n\n<p>Los padres de familia agradecieron el gesto mostrado por las autoridades de la facultad de ciencias sociales, y destacaron que con actividades de esta naturaleza la Utec deja en evidencia el compromiso que tiene en pro de la formaci\u00f3n de sus estudiantes.<\/p>\n\n\n\n<figure class=\"wp-block-image size-full\"><img loading=\"lazy\" decoding=\"async\" width=\"600\" height=\"400\" src=\"https:\/\/lapalabra.utec.edu.sv\/wp-content\/uploads\/2024\/03\/reunion-padres.jpg\" alt=\"\" class=\"wp-image-1288\" srcset=\"https:\/\/lapalabra.utec.edu.sv\/wp-content\/uploads\/2024\/03\/reunion-padres.jpg 600w, https:\/\/lapalabra.utec.edu.sv\/wp-content\/uploads\/2024\/03\/reunion-padres-300x200.jpg 300w\" sizes=\"auto, (max-width: 600px) 100vw, 600px\" \/><\/figure>\n","protected":false},"excerpt":{"rendered":"<p>El auditorio De La Paz fue el punto de encuentro para m\u00e1s de 200 padres de familia que se dieron cita para compartir con los docentes de sus hijos y con algunas autoridades de la instituci\u00f3n. Wilber Corpe\u00f1oFotos: Hugo Henr\u00edquezLa Palabra Universitaria Un particular encuentro tuvo lugar en el auditorio De La Paz de la&#8230;<\/p>\n","protected":false},"author":1,"featured_media":1287,"comment_status":"open","ping_status":"open","sticky":false,"template":"","format":"standard","meta":{"footnotes":""},"categories":[9,1,7],"tags":[408,128,55,223],"class_list":["post-1279","post","type-post","status-publish","format-standard","has-post-thumbnail","hentry","category-ciencias-sociales","category-campus-utec","category-facultades","tag-convivio-padres-de-familia","tag-estudiantes","tag-facultad-de-ciencia-sociales","tag-nuevo-ingreso"],"_links":{"self":[{"href":"https:\/\/lapalabra.utec.edu.sv\/index.php\/wp-json\/wp\/v2\/posts\/1279","targetHints":{"allow":["GET"]}}],"collection":[{"href":"https:\/\/lapalabra.utec.edu.sv\/index.php\/wp-json\/wp\/v2\/posts"}],"about":[{"href":"https:\/\/lapalabra.utec.edu.sv\/index.php\/wp-json\/wp\/v2\/types\/post"}],"author":[{"embeddable":true,"href":"https:\/\/lapalabra.utec.edu.sv\/index.php\/wp-json\/wp\/v2\/users\/1"}],"replies":[{"embeddable":true,"href":"https:\/\/lapalabra.utec.edu.sv\/index.php\/wp-json\/wp\/v2\/comments?post=1279"}],"version-history":[{"count":2,"href":"https:\/\/lapalabra.utec.edu.sv\/index.php\/wp-json\/wp\/v2\/posts\/1279\/revisions"}],"predecessor-version":[{"id":1289,"href":"https:\/\/lapalabra.utec.edu.sv\/index.php\/wp-json\/wp\/v2\/posts\/1279\/revisions\/1289"}],"wp:featuredmedia":[{"embeddable":true,"href":"https:\/\/lapalabra.utec.edu.sv\/index.php\/wp-json\/wp\/v2\/media\/1287"}],"wp:attachment":[{"href":"https:\/\/lapalabra.utec.edu.sv\/index.php\/wp-json\/wp\/v2\/media?parent=1279"}],"wp:term":[{"taxonomy":"category","embeddable":true,"href":"https:\/\/lapalabra.utec.edu.sv\/index.php\/wp-json\/wp\/v2\/categories?post=1279"},{"taxonomy":"post_tag","embeddable":true,"href":"https:\/\/lapalabra.utec.edu.sv\/index.php\/wp-json\/wp\/v2\/tags?post=1279"}],"curies":[{"name":"wp","href":"https:\/\/api.w.org\/{rel}","templated":true}]}}