{"id":1,"date":"2023-04-17T15:22:57","date_gmt":"2023-04-17T15:22:57","guid":{"rendered":"https:\/\/palabra.utec.edu.sv\/?p=1"},"modified":"2023-04-18T09:36:41","modified_gmt":"2023-04-18T15:36:41","slug":"hello-world","status":"publish","type":"post","link":"https:\/\/lapalabra.utec.edu.sv\/index.php\/hello-world\/","title":{"rendered":"Sobre procesos de creaci\u00f3n y fabricaci\u00f3n digital vers\u00f3 ponencia especializada en la Utec"},"content":{"rendered":"\n<p><em>Wilber Corpe\u00f1o<\/em><br><em>Fotos: Alexander Morales<\/em><\/p>\n\n\n\n<p class=\"has-text-color\" style=\"color:#531313\"><strong>El fundador de la Asociaci\u00f3n Fablab SV, Carlos Valladares, fue el responsable de compartir la tem\u00e1tica con estudiantes, misma que marc\u00f3 el inicio del ciclo de charlas especializadas programadas en el marco de la celebraci\u00f3n del quinto aniversario del 3D Lab de Utec.<\/strong><\/p>\n\n\n\n<p>Trayectorias en contexto es el nombre de la magistral ponencia que comparti\u00f3 el fundador de la Asociaci\u00f3n Fablab SV, Carlos Valladares, con estudiantes y docentes de la Universidad Tecnol\u00f3gica de El Salvador (Utec).<\/p>\n\n\n\n<p>El experto, que comparti\u00f3 su ponencia en el marco de la celebraci\u00f3n del quinto aniversario del Impresi\u00f3n 3D (3D Lab), expuso sobre diversas perspectivas relacionadas con la manera en que los procesos de creaci\u00f3n y fabricaci\u00f3n digital se han venido integrando en la cultura salvadore\u00f1a a trav\u00e9s de los a\u00f1os, as\u00ed como las formas de poder adaptar esas herramientas a la realidad en que se vive.<\/p>\n\n\n\n<p>Valladares dijo a los estudiantes que la tem\u00e1tica expuesta tiene como fondo el hecho de poder posibilitar un nuevo paradigma trasado en la posibilidad de pensar y hacer las cosas, a lo que se le conoce como \u201cmakers\u201d, que en ingl\u00e9s significa hacer.<\/p>\n\n\n\n<p>\u201cLas maquinas pueden hacer cosas si, y solo si, yo le ordeno que lo haga\u201d, reflexiona el experto en creaci\u00f3n y fabricaci\u00f3n digital.<\/p>\n\n\n\n<p>El experto resalta que una de las principales apuestas de los Fab Lab es potenciar el esp\u00edritu motivador de las personas, de tal forma que una persona de 90 a\u00f1os piensa y diga que el lugar en el que siempre so\u00f1\u00f3 estar es precisamente un laboratorio de creaci\u00f3n digital.<\/p>\n\n\n\n<p>Una de las grandes apuestas de Valladares siempre ha sido el desarrollo multiplicador de sus idea<\/p>\n\n\n\n<p>s creativas, por ello dice, existen iniciativas como el 3D Lab de la Utec, que se convirti\u00f3 en el primer Fab Lab universitario abierto al p\u00fablico.<\/p>\n\n\n\n<p>\u201cLo que yo busco hacer desde mi campo de acci\u00f3n es precisamente replicar m\u00e1s conocimiento de personas que hagan cosas\u201d, reflexiona.<\/p>\n\n\n\n<p>Valladares cerro su intervenci\u00f3n motivando a los estudiantes a que nunca se queden con el deseo, la duda o la expectativa sobre el desarrollo creativo, pues dijo, la base en todo lo que se desea hacer es la curiosidad, cualidad que todos los seres humanos comparten.<\/p>\n","protected":false},"excerpt":{"rendered":"<p>Wilber Corpe\u00f1oFotos: Alexander Morales El fundador de la Asociaci\u00f3n Fablab SV, Carlos Valladares, fue el responsable de compartir la tem\u00e1tica con estudiantes, misma que marc\u00f3 el inicio del ciclo de charlas especializadas programadas en el marco de la celebraci\u00f3n del quinto aniversario del 3D Lab de Utec. Trayectorias en contexto es el nombre de la&#8230;<\/p>\n","protected":false},"author":1,"featured_media":53,"comment_status":"open","ping_status":"open","sticky":false,"template":"","format":"standard","meta":{"footnotes":""},"categories":[3,1,6,14],"tags":[],"class_list":["post-1","post","type-post","status-publish","format-standard","has-post-thumbnail","hentry","category-conferencias-utec","category-campus-utec","category-en-la-academia","category-proyeccion-social"],"_links":{"self":[{"href":"https:\/\/lapalabra.utec.edu.sv\/index.php\/wp-json\/wp\/v2\/posts\/1","targetHints":{"allow":["GET"]}}],"collection":[{"href":"https:\/\/lapalabra.utec.edu.sv\/index.php\/wp-json\/wp\/v2\/posts"}],"about":[{"href":"https:\/\/lapalabra.utec.edu.sv\/index.php\/wp-json\/wp\/v2\/types\/post"}],"author":[{"embeddable":true,"href":"https:\/\/lapalabra.utec.edu.sv\/index.php\/wp-json\/wp\/v2\/users\/1"}],"replies":[{"embeddable":true,"href":"https:\/\/lapalabra.utec.edu.sv\/index.php\/wp-json\/wp\/v2\/comments?post=1"}],"version-history":[{"count":2,"href":"https:\/\/lapalabra.utec.edu.sv\/index.php\/wp-json\/wp\/v2\/posts\/1\/revisions"}],"predecessor-version":[{"id":26,"href":"https:\/\/lapalabra.utec.edu.sv\/index.php\/wp-json\/wp\/v2\/posts\/1\/revisions\/26"}],"wp:featuredmedia":[{"embeddable":true,"href":"https:\/\/lapalabra.utec.edu.sv\/index.php\/wp-json\/wp\/v2\/media\/53"}],"wp:attachment":[{"href":"https:\/\/lapalabra.utec.edu.sv\/index.php\/wp-json\/wp\/v2\/media?parent=1"}],"wp:term":[{"taxonomy":"category","embeddable":true,"href":"https:\/\/lapalabra.utec.edu.sv\/index.php\/wp-json\/wp\/v2\/categories?post=1"},{"taxonomy":"post_tag","embeddable":true,"href":"https:\/\/lapalabra.utec.edu.sv\/index.php\/wp-json\/wp\/v2\/tags?post=1"}],"curies":[{"name":"wp","href":"https:\/\/api.w.org\/{rel}","templated":true}]}}